{"id":150882,"date":"2020-02-01T14:02:22","date_gmt":"2020-02-01T17:02:22","guid":{"rendered":"http:\/\/www.caririemacao.com\/1\/?p=150882"},"modified":"2020-02-01T14:02:24","modified_gmt":"2020-02-01T17:02:24","slug":"presidente-bolsonaro-indica-novamente-que-pode-indicar-moro-para-o-supremo","status":"publish","type":"post","link":"https:\/\/www.caririemacao.com\/1\/2020\/02\/01\/presidente-bolsonaro-indica-novamente-que-pode-indicar-moro-para-o-supremo\/","title":{"rendered":"Presidente Bolsonaro indica novamente que pode indicar Moro para o Supremo"},"content":{"rendered":"\n<p>A mais recente crise pol\u00edtica com o ministro da Justi\u00e7a, Sergio Moro, levou Jair Bolsonaro a colocar novamente o ex-juiz da Lava Jato como seu preferido para substituir o ministro Celso de Mello no STF (Supremo Tribunal Federal).<\/p>\n\n\n\n<p>O decano se aposentar\u00e1 em novembro, abrindo espa\u00e7o para o presidente emplacar seu primeiro nome na corte.<\/p>\n\n\n\n<p>Aliados de Bolsonaro veem no gesto de indicar Moro um movimento para blindar um cen\u00e1rio em que ele pode surgir como seu advers\u00e1rio na disputa presidencial de 2022.<\/p>\n\n\n\n<p>Segundo relatos feitos \u00e0 reportagem, o ministro tratou da possibilidade de ir para o STF em conversa com o presidente ap\u00f3s a pol\u00eamica sobre a recria\u00e7\u00e3o do Minist\u00e9rio da Seguran\u00e7a P\u00fablica, hoje integrado \u00e0 pasta da Justi\u00e7a.<\/p>\n\n\n\n<p>O di\u00e1logo reservado foi apelidado por integrantes da equipe de Moro como uma \u201cDR\u201d, uma discuss\u00e3o da rela\u00e7\u00e3o.<\/p>\n\n\n\n<p>A indica\u00e7\u00e3o para o Supremo tamb\u00e9m abriria espa\u00e7o para que o chefe do Executivo tenha mais inger\u00eancia no Minist\u00e9rio da Justi\u00e7a, algo que ele vem buscando desde o come\u00e7o do governo.<\/p>\n\n\n\n<p>Um dos pontos sens\u00edveis \u00e9 a Pol\u00edcia Federal. A sa\u00edda de Moro pavimentaria o caminho para Bolsonaro mexer no seu comando, desejo j\u00e1 sinalizado por ele no ano passado.<\/p>\n\n\n\n<figure class=\"wp-block-image\"><img decoding=\"async\" data-src=\"https:\/\/paraibaonline.com.br\/wp-content\/uploads\/2020\/02\/MORO-556x417.jpg\" alt=\"Foto: Ascom\" class=\"wp-image-834389 lazyload\" src=\"data:image\/svg+xml;base64,PHN2ZyB3aWR0aD0iMSIgaGVpZ2h0PSIxIiB4bWxucz0iaHR0cDovL3d3dy53My5vcmcvMjAwMC9zdmciPjwvc3ZnPg==\" style=\"--smush-placeholder-width: 556px; --smush-placeholder-aspect-ratio: 556\/417;\" \/><\/figure>\n\n\n\n<p>Foto: Ascom<\/p>\n\n\n\n<p>Em julho de 2019, em aceno \u00e0 bancada evang\u00e9lica, o presidente havia definido que escolheria para o Supremo um jurista com respaldo da comunidade religiosa.<\/p>\n\n\n\n<p>\u201cPoderei indicar dois ministros para o Supremo Tribunal Federal. Um deles ser\u00e1 terrivelmente evang\u00e9lico\u201d, disse.<\/p>\n\n\n\n<p>O ministro da AGU (Advocacia Geral da Uni\u00e3o), Andr\u00e9 Mendon\u00e7a, surgiu ent\u00e3o como primeira op\u00e7\u00e3o, tendo sido citado pelo pr\u00f3prio Bolsonaro.<\/p>\n\n\n\n<p>Nos bastidores, no entanto, o presidente passou agora a cogit\u00e1-lo para a segunda cadeira a ficar no vaga no STF, a do ministro Marco Aur\u00e9lio Mello, que tem aposentadoria prevista para 2021.<\/p>\n\n\n\n<p>Para essa posi\u00e7\u00e3o tamb\u00e9m est\u00e1 na lista de possibilidades o ministro da Secretaria-Geral, Jorge Oliveira, que vem ganhando prest\u00edgio junto ao presidente.<\/p>\n\n\n\n<p>Bolsonaro chegou a dizer que havia reservado uma das vagas a Moro, que deixou a magistratura para se tornar ministro do governo.<\/p>\n\n\n\n<p>O presidente, por\u00e9m, depois negou haver qualquer acordo e disse apenas buscar algu\u00e9m com o perfil do ex-juiz.<\/p>\n\n\n\n<p>Segundo assessores, a nova mudan\u00e7a de entendimento, a favor de uma indica\u00e7\u00e3o j\u00e1 neste ano, se deu ap\u00f3s o mal-estar surgido com a inten\u00e7\u00e3o do presidente de desmembrar a pasta da Justi\u00e7a, criando um minist\u00e9rio separado para a Seguran\u00e7a P\u00fablica.<\/p>\n\n\n\n<p>Bolsonaro articulou uma reuni\u00e3o com secret\u00e1rios estaduais de Seguran\u00e7a sem a presen\u00e7a do ministro, que tem usado a seguran\u00e7a como uma das suas bandeiras de gest\u00e3o.<\/p>\n","protected":false},"excerpt":{"rendered":"<p>A mais recente crise pol\u00edtica com o ministro da Justi\u00e7a, Sergio Moro, levou Jair Bolsonaro a colocar novamente o ex-juiz da Lava Jato como seu&hellip; <\/p>\n","protected":false},"author":1,"featured_media":102746,"comment_status":"closed","ping_status":"closed","sticky":false,"template":"","format":"standard","meta":{"sfsi_plus_gutenberg_text_before_share":"","sfsi_plus_gutenberg_show_text_before_share":"","sfsi_plus_gutenberg_icon_type":"","sfsi_plus_gutenberg_icon_alignemt":"","sfsi_plus_gutenburg_max_per_row":"","footnotes":""},"categories":[11],"tags":[],"class_list":["post-150882","post","type-post","status-publish","format-standard","has-post-thumbnail","hentry","category-politica"],"_links":{"self":[{"href":"https:\/\/www.caririemacao.com\/1\/wp-json\/wp\/v2\/posts\/150882","targetHints":{"allow":["GET"]}}],"collection":[{"href":"https:\/\/www.caririemacao.com\/1\/wp-json\/wp\/v2\/posts"}],"about":[{"href":"https:\/\/www.caririemacao.com\/1\/wp-json\/wp\/v2\/types\/post"}],"author":[{"embeddable":true,"href":"https:\/\/www.caririemacao.com\/1\/wp-json\/wp\/v2\/users\/1"}],"replies":[{"embeddable":true,"href":"https:\/\/www.caririemacao.com\/1\/wp-json\/wp\/v2\/comments?post=150882"}],"version-history":[{"count":1,"href":"https:\/\/www.caririemacao.com\/1\/wp-json\/wp\/v2\/posts\/150882\/revisions"}],"predecessor-version":[{"id":150883,"href":"https:\/\/www.caririemacao.com\/1\/wp-json\/wp\/v2\/posts\/150882\/revisions\/150883"}],"wp:featuredmedia":[{"embeddable":true,"href":"https:\/\/www.caririemacao.com\/1\/wp-json\/wp\/v2\/media\/102746"}],"wp:attachment":[{"href":"https:\/\/www.caririemacao.com\/1\/wp-json\/wp\/v2\/media?parent=150882"}],"wp:term":[{"taxonomy":"category","embeddable":true,"href":"https:\/\/www.caririemacao.com\/1\/wp-json\/wp\/v2\/categories?post=150882"},{"taxonomy":"post_tag","embeddable":true,"href":"https:\/\/www.caririemacao.com\/1\/wp-json\/wp\/v2\/tags?post=150882"}],"curies":[{"name":"wp","href":"https:\/\/api.w.org\/{rel}","templated":true}]}}