{"id":150898,"date":"2020-02-01T14:28:26","date_gmt":"2020-02-01T17:28:26","guid":{"rendered":"http:\/\/www.caririemacao.com\/1\/?p=150898"},"modified":"2020-02-01T14:28:28","modified_gmt":"2020-02-01T17:28:28","slug":"pesquisa-vai-acompanhar-habitos-alimentares-de-brasileiros-por-10-anos","status":"publish","type":"post","link":"https:\/\/www.caririemacao.com\/1\/2020\/02\/01\/pesquisa-vai-acompanhar-habitos-alimentares-de-brasileiros-por-10-anos\/","title":{"rendered":"Pesquisa vai acompanhar h\u00e1bitos alimentares de brasileiros por 10 anos"},"content":{"rendered":"\n<p>Uma pesquisa da Universidade de S\u00e3o Paulo (USP) vai acompanhar, por dez anos, os h\u00e1bitos de alimenta\u00e7\u00e3o de 200 mil brasileiros. O estudo, chamado NutriNet Brasil, ser\u00e1 coordenado pelo N\u00facleo de Pesquisas Epidemiol\u00f3gicas em Nutri\u00e7\u00e3o e Sa\u00fade da Faculdade de Sa\u00fade P\u00fablica da USP em parceria com o Minist\u00e9rio da Sa\u00fade.<\/p>\n\n\n\n<p>A inten\u00e7\u00e3o da pesquisa \u00e9 identificar padr\u00f5es de alimenta\u00e7\u00e3o praticados em diferentes regi\u00f5es do pa\u00eds e analisar a rela\u00e7\u00e3o deles com o risco de doen\u00e7as cr\u00f4nicas que afetam os brasileiros.<\/p>\n\n\n\n<p>\u201cA alimenta\u00e7\u00e3o inadequada lidera o ranking dos fatores de risco relacionados \u00e0 carga global de doen\u00e7as no mundo. \u00c9 o fator de risco que mais contribui para mortalidade\u201d, destacou a coordenadora de Alimenta\u00e7\u00e3o e Nutri\u00e7\u00e3o da Secretaria de Aten\u00e7\u00e3o Prim\u00e1ria, do Minist\u00e9rio da Sa\u00fade, Gisele Bortolini.<\/p>\n\n\n\n<p>De acordo com a coordenadora, a alimenta\u00e7\u00e3o tamb\u00e9m \u00e9 o segundo fator que mais contribui para a perda de anos de vida, superando, inclusive, o uso de \u00e1lcool, drogas, tabagismo e inatividade f\u00edsica.<\/p>\n\n\n\n<p>\u201cNesse sentido, o estudo NutriNet Brasil nos apoiar\u00e1 no aprimoramento das pol\u00edticas p\u00fablicas de nutri\u00e7\u00e3o no pa\u00eds\u201d, ressaltou.<\/p>\n\n\n\n<p>Segundo o Minist\u00e9rio da Sa\u00fade, a alimenta\u00e7\u00e3o exerce enorme influ\u00eancia sobre a sa\u00fade das pessoas, aumentando, em particular, o risco para o desenvolvimento de diversos tipos de c\u00e2ncer, doen\u00e7as cardiovasculares e enfermidades como obesidade, diabetes e hipertens\u00e3o.<\/p>\n\n\n\n<p>\u201cMais do que um ou outro alimento isolado, \u00e9 o padr\u00e3o de alimenta\u00e7\u00e3o das pessoas, ou as quantidades e propor\u00e7\u00f5es dos diferentes grupos de alimentos, que vai definir o risco de doen\u00e7as. O levantamento trar\u00e1 maior compreens\u00e3o sobre tais h\u00e1bitos e suas consequ\u00eancias\u201d, destacou.<\/p>\n\n\n\n<p><strong>Como participar<\/strong><\/p>\n\n\n\n<p>Para participar do estudo, \u00e9 preciso&nbsp;ter&nbsp;pelo menos 18 anos, residir no Brasil,&nbsp;ter&nbsp;acesso \u00e0 internet e fazer um r\u00e1pido cadastro na&nbsp;<a href=\"https:\/\/nutrinetbrasil.fsp.usp.br\/\" target=\"_blank\" rel=\"noreferrer noopener\">plataforma digital da pesquisa<\/a>.<\/p>\n","protected":false},"excerpt":{"rendered":"<p>Uma pesquisa da Universidade de S\u00e3o Paulo (USP) vai acompanhar, por dez anos, os h\u00e1bitos de alimenta\u00e7\u00e3o de 200 mil brasileiros. O estudo, chamado NutriNet&hellip; <\/p>\n","protected":false},"author":1,"featured_media":150899,"comment_status":"closed","ping_status":"closed","sticky":false,"template":"","format":"standard","meta":{"sfsi_plus_gutenberg_text_before_share":"","sfsi_plus_gutenberg_show_text_before_share":"","sfsi_plus_gutenberg_icon_type":"","sfsi_plus_gutenberg_icon_alignemt":"","sfsi_plus_gutenburg_max_per_row":"","footnotes":""},"categories":[2],"tags":[],"class_list":["post-150898","post","type-post","status-publish","format-standard","has-post-thumbnail","hentry","category-geral"],"_links":{"self":[{"href":"https:\/\/www.caririemacao.com\/1\/wp-json\/wp\/v2\/posts\/150898","targetHints":{"allow":["GET"]}}],"collection":[{"href":"https:\/\/www.caririemacao.com\/1\/wp-json\/wp\/v2\/posts"}],"about":[{"href":"https:\/\/www.caririemacao.com\/1\/wp-json\/wp\/v2\/types\/post"}],"author":[{"embeddable":true,"href":"https:\/\/www.caririemacao.com\/1\/wp-json\/wp\/v2\/users\/1"}],"replies":[{"embeddable":true,"href":"https:\/\/www.caririemacao.com\/1\/wp-json\/wp\/v2\/comments?post=150898"}],"version-history":[{"count":1,"href":"https:\/\/www.caririemacao.com\/1\/wp-json\/wp\/v2\/posts\/150898\/revisions"}],"predecessor-version":[{"id":150900,"href":"https:\/\/www.caririemacao.com\/1\/wp-json\/wp\/v2\/posts\/150898\/revisions\/150900"}],"wp:featuredmedia":[{"embeddable":true,"href":"https:\/\/www.caririemacao.com\/1\/wp-json\/wp\/v2\/media\/150899"}],"wp:attachment":[{"href":"https:\/\/www.caririemacao.com\/1\/wp-json\/wp\/v2\/media?parent=150898"}],"wp:term":[{"taxonomy":"category","embeddable":true,"href":"https:\/\/www.caririemacao.com\/1\/wp-json\/wp\/v2\/categories?post=150898"},{"taxonomy":"post_tag","embeddable":true,"href":"https:\/\/www.caririemacao.com\/1\/wp-json\/wp\/v2\/tags?post=150898"}],"curies":[{"name":"wp","href":"https:\/\/api.w.org\/{rel}","templated":true}]}}