{"id":150912,"date":"2020-02-01T14:33:38","date_gmt":"2020-02-01T17:33:38","guid":{"rendered":"http:\/\/www.caririemacao.com\/1\/?p=150912"},"modified":"2020-02-01T14:33:41","modified_gmt":"2020-02-01T17:33:41","slug":"coronavirus-governo-elabora-plano-de-prevencao-em-escolas-da-paraiba","status":"publish","type":"post","link":"https:\/\/www.caririemacao.com\/1\/2020\/02\/01\/coronavirus-governo-elabora-plano-de-prevencao-em-escolas-da-paraiba\/","title":{"rendered":"Coronav\u00edrus: governo elabora plano de preven\u00e7\u00e3o em escolas da Para\u00edba"},"content":{"rendered":"\n<p>Medidas de prote\u00e7\u00e3o est\u00e3o sendo elaboradas pela Secretaria de Educa\u00e7\u00e3o da Para\u00edba por causa da crise global do coronav\u00edrus. Uma das medidas a ser tomada, segundo o secret\u00e1rio Cl\u00e1udio Furtado, \u00e9 refor\u00e7ar o estoque de \u00e1lcool em gel nas escolas para o in\u00edcio do ano letivo no pr\u00f3ximo dia 10.<\/p>\n\n\n\n<p>De acordo com Furtado, as secretarias de Sa\u00fade e Educa\u00e7\u00e3o est\u00e3o trabalhando nos procedimentos de preven\u00e7\u00e3o contra a doen\u00e7a.<\/p>\n\n\n\n<p>\u201cA gente j\u00e1 est\u00e1 conversando com a Secretaria de Sa\u00fade e a partir desta semana, que ser\u00e1 a de planejamento para o in\u00edcio das aulas, vamos passar para rede uma s\u00e9rie de procedimentos que visa educar e prevenir sobre a quest\u00e3o do coronav\u00edrus\u201d, disse ao&nbsp;<strong>Portal MaisPB<\/strong>.<\/p>\n\n\n\n<p>Na \u00faltima quinta-feira (30), em entrevista ao Hora H, da Rede Mais de R\u00e1dio,&nbsp;<a href=\"https:\/\/www.maispb.com.br\/443658\/tres-hospitais-da-pb-estao-prontos-para-atender-casos-do-coronavirus.html\"><strong>o secret\u00e1rio de Sa\u00fade, Geraldo Medeiros, revelou que os hospitais Clementino Fraga e o Universit\u00e1rio Lauro Wanderley, em Jo\u00e3o Pessoa, e Alcides Carneiro, em Campina Grande<\/strong><\/a>, est\u00e3o com UTIs dispon\u00edveis e isoladas para supostos casos da doen\u00e7a.<\/p>\n\n\n\n<p><strong>Coronav\u00edrus&nbsp;<\/strong><\/p>\n\n\n\n<p><strong>O que \u00e9 o novo coronav\u00edrus registrado na China?<\/strong><\/p>\n\n\n\n<p>A origem do chamado&nbsp;<strong>novo coronav\u00edrus ou 2019-nCoV<\/strong>&nbsp;ainda \u00e9 desconhecida. A hip\u00f3tese mais prov\u00e1vel \u00e9 que a fonte prim\u00e1ria do v\u00edrus seja animal e que ele tenha come\u00e7ado a circular em um mercado de frutos do mar em&nbsp;<strong>Wuhan,<\/strong>&nbsp;na China. Nesse mercado, al\u00e9m de frutos do mar, s\u00e3o vendidos animais silvestres vivos, como morcegos. Autoridades ainda n\u00e3o confirmaram qual foi o suposto animal infectado ou como a transmiss\u00e3o teve in\u00edcio, mas um estudo feito por pesquisadores chineses mostra que o surto pode ter come\u00e7ado em cobras ou morcegos. Coronav\u00edrus s\u00e3o uma grande fam\u00edlia de v\u00edrus respons\u00e1veis por causar doen\u00e7as em humanos. A maioria circula em animais como camelos, gatos e morcegos.<\/p>\n\n\n\n<p><strong>Quais s\u00e3o os sintomas do novo v\u00edrus chin\u00eas?<\/strong><\/p>\n\n\n\n<p>O principal sintoma do novo coronav\u00edrus chin\u00eas \u00e9 uma febre forte, que pode vir acompanhada de tosse, aperto no peito, falta de ar e dificuldade de respirar. Alguns pacientes examinados tinham l\u00edquido nos pulm\u00f5es, caracterizando pneumonia viral. As formas de cont\u00e1gio ainda est\u00e3o sendo estudadas, mas se sabe que a transmiss\u00e3o pode ocorrer pelo ar ou por contato com secre\u00e7\u00f5es contaminadas, como got\u00edculas de saliva, espirro, tosse, catarro, aperto de m\u00e3o e contato com objetos ou superf\u00edcies contaminadas seguido de contato com boca, nariz ou olhos.<\/p>\n\n\n\n<p><strong>Como fa\u00e7o para me proteger?<\/strong><\/p>\n\n\n\n<p>N\u00e3o h\u00e1 vacina nem medica\u00e7\u00e3o espec\u00edfica para o v\u00edrus. Para reduzir o risco, deve-se adotar medidas simples de higiene: lavar as m\u00e3os com frequ\u00eancia, principalmente antes de consumir alimentos; utilizar len\u00e7o descart\u00e1vel para higiene nasal; cobrir nariz e boca quando espirrar ou tossir; evitar tocar mucosas de olhos, nariz e boca; n\u00e3o compartilhar objetos de uso pessoal; manter os ambiente bem ventilados; evitar contato pr\u00f3ximo com pessoas que apresentem sintomas ou sinais da doen\u00e7a; ficar em casa se tiver resfriado ou gripe; quando poss\u00edvel, evitar aglomera\u00e7\u00f5es.<\/p>\n\n\n\n<p><strong>MaisPB com informa\u00e7\u00f5es do Estad\u00e3o&nbsp;<\/strong><\/p>\n","protected":false},"excerpt":{"rendered":"<p>Medidas de prote\u00e7\u00e3o est\u00e3o sendo elaboradas pela Secretaria de Educa\u00e7\u00e3o da Para\u00edba por causa da crise global do coronav\u00edrus. Uma das medidas a ser tomada,&hellip; <\/p>\n","protected":false},"author":1,"featured_media":150915,"comment_status":"closed","ping_status":"closed","sticky":false,"template":"","format":"standard","meta":{"sfsi_plus_gutenberg_text_before_share":"","sfsi_plus_gutenberg_show_text_before_share":"","sfsi_plus_gutenberg_icon_type":"","sfsi_plus_gutenberg_icon_alignemt":"","sfsi_plus_gutenburg_max_per_row":"","footnotes":""},"categories":[50,14],"tags":[],"class_list":["post-150912","post","type-post","status-publish","format-standard","has-post-thumbnail","hentry","category-destaque","category-educacao"],"_links":{"self":[{"href":"https:\/\/www.caririemacao.com\/1\/wp-json\/wp\/v2\/posts\/150912","targetHints":{"allow":["GET"]}}],"collection":[{"href":"https:\/\/www.caririemacao.com\/1\/wp-json\/wp\/v2\/posts"}],"about":[{"href":"https:\/\/www.caririemacao.com\/1\/wp-json\/wp\/v2\/types\/post"}],"author":[{"embeddable":true,"href":"https:\/\/www.caririemacao.com\/1\/wp-json\/wp\/v2\/users\/1"}],"replies":[{"embeddable":true,"href":"https:\/\/www.caririemacao.com\/1\/wp-json\/wp\/v2\/comments?post=150912"}],"version-history":[{"count":1,"href":"https:\/\/www.caririemacao.com\/1\/wp-json\/wp\/v2\/posts\/150912\/revisions"}],"predecessor-version":[{"id":150916,"href":"https:\/\/www.caririemacao.com\/1\/wp-json\/wp\/v2\/posts\/150912\/revisions\/150916"}],"wp:featuredmedia":[{"embeddable":true,"href":"https:\/\/www.caririemacao.com\/1\/wp-json\/wp\/v2\/media\/150915"}],"wp:attachment":[{"href":"https:\/\/www.caririemacao.com\/1\/wp-json\/wp\/v2\/media?parent=150912"}],"wp:term":[{"taxonomy":"category","embeddable":true,"href":"https:\/\/www.caririemacao.com\/1\/wp-json\/wp\/v2\/categories?post=150912"},{"taxonomy":"post_tag","embeddable":true,"href":"https:\/\/www.caririemacao.com\/1\/wp-json\/wp\/v2\/tags?post=150912"}],"curies":[{"name":"wp","href":"https:\/\/api.w.org\/{rel}","templated":true}]}}