{"id":150919,"date":"2020-02-01T14:41:34","date_gmt":"2020-02-01T17:41:34","guid":{"rendered":"http:\/\/www.caririemacao.com\/1\/?p=150919"},"modified":"2020-02-01T14:41:36","modified_gmt":"2020-02-01T17:41:36","slug":"veneziano-apoia-joao-mas-descarta-filiacao-a-partido","status":"publish","type":"post","link":"https:\/\/www.caririemacao.com\/1\/2020\/02\/01\/veneziano-apoia-joao-mas-descarta-filiacao-a-partido\/","title":{"rendered":"Veneziano apoia Jo\u00e3o, mas descarta filia\u00e7\u00e3o a partido"},"content":{"rendered":"\n<p>O senador Veneziano Vital do R\u00eago disse, neste s\u00e1bado (1), ao&nbsp;<strong>Portal MaisPB<\/strong>, que apoia a filia\u00e7\u00e3o do governador Jo\u00e3o Azev\u00eado ao Cidadania, mas descartou seguir para o mesmo partido.<\/p>\n\n\n\n<p>Ainda filiado ao PSB, apesar da crise que resultou na sa\u00edda de Azev\u00eado, Veneziano ressaltou que n\u00e3o tem pressa para decidir seu futuro partid\u00e1rio.<\/p>\n\n\n\n<p>\u201cEu o apoio, mas n\u00e3o necessariamente tendo que ir ao Cidadania. Sem sofreguid\u00e3o para decidir\u201d, disse.<\/p>\n\n\n\n<p>Tanto Azev\u00eado, quanto Veneziano, descartaram a participa\u00e7\u00e3o na comiss\u00e3o provis\u00f3ria que atualmente comanda o PSB, ap\u00f3s as diverg\u00eancias internas com o ex-governador Ricardo Coutinho.<\/p>\n\n\n\n<p><strong>MaisPB<\/strong><\/p>\n","protected":false},"excerpt":{"rendered":"<p>O senador Veneziano Vital do R\u00eago disse, neste s\u00e1bado (1), ao&nbsp;Portal MaisPB, que apoia a filia\u00e7\u00e3o do governador Jo\u00e3o Azev\u00eado ao Cidadania, mas descartou seguir&hellip; <\/p>\n","protected":false},"author":1,"featured_media":56763,"comment_status":"closed","ping_status":"closed","sticky":false,"template":"","format":"standard","meta":{"sfsi_plus_gutenberg_text_before_share":"","sfsi_plus_gutenberg_show_text_before_share":"","sfsi_plus_gutenberg_icon_type":"","sfsi_plus_gutenberg_icon_alignemt":"","sfsi_plus_gutenburg_max_per_row":"","footnotes":""},"categories":[11],"tags":[],"class_list":["post-150919","post","type-post","status-publish","format-standard","has-post-thumbnail","hentry","category-politica"],"_links":{"self":[{"href":"https:\/\/www.caririemacao.com\/1\/wp-json\/wp\/v2\/posts\/150919","targetHints":{"allow":["GET"]}}],"collection":[{"href":"https:\/\/www.caririemacao.com\/1\/wp-json\/wp\/v2\/posts"}],"about":[{"href":"https:\/\/www.caririemacao.com\/1\/wp-json\/wp\/v2\/types\/post"}],"author":[{"embeddable":true,"href":"https:\/\/www.caririemacao.com\/1\/wp-json\/wp\/v2\/users\/1"}],"replies":[{"embeddable":true,"href":"https:\/\/www.caririemacao.com\/1\/wp-json\/wp\/v2\/comments?post=150919"}],"version-history":[{"count":1,"href":"https:\/\/www.caririemacao.com\/1\/wp-json\/wp\/v2\/posts\/150919\/revisions"}],"predecessor-version":[{"id":150920,"href":"https:\/\/www.caririemacao.com\/1\/wp-json\/wp\/v2\/posts\/150919\/revisions\/150920"}],"wp:featuredmedia":[{"embeddable":true,"href":"https:\/\/www.caririemacao.com\/1\/wp-json\/wp\/v2\/media\/56763"}],"wp:attachment":[{"href":"https:\/\/www.caririemacao.com\/1\/wp-json\/wp\/v2\/media?parent=150919"}],"wp:term":[{"taxonomy":"category","embeddable":true,"href":"https:\/\/www.caririemacao.com\/1\/wp-json\/wp\/v2\/categories?post=150919"},{"taxonomy":"post_tag","embeddable":true,"href":"https:\/\/www.caririemacao.com\/1\/wp-json\/wp\/v2\/tags?post=150919"}],"curies":[{"name":"wp","href":"https:\/\/api.w.org\/{rel}","templated":true}]}}