{"id":150924,"date":"2020-02-01T17:49:50","date_gmt":"2020-02-01T20:49:50","guid":{"rendered":"http:\/\/www.caririemacao.com\/1\/?p=150924"},"modified":"2020-02-01T17:50:04","modified_gmt":"2020-02-01T20:50:04","slug":"em-amparo-barragem-volta-a-transbordar-depois-de-11-anos","status":"publish","type":"post","link":"https:\/\/www.caririemacao.com\/1\/2020\/02\/01\/em-amparo-barragem-volta-a-transbordar-depois-de-11-anos\/","title":{"rendered":"Em Amparo: barragem volta a transbordar depois de 11 anos"},"content":{"rendered":"\n<p>A antiga barragem da cidade de Amparo voltou a transbordar nessa \u00faltima sexta-feira, ap\u00f3s longos 11 anos. A  barragem localizada na comunidade rural da Mata volta a transbordar, com as chuvas ca\u00eddas na noite desta sexta-feira (31). <\/p>\n\n\n\n<p>A barragem foi totalmente recuperada em no ano de 2019 com recursos pr\u00f3prios da prefeitura municipal de Amparo. Nas primeiras horas da manh\u00e3 deste s\u00e1bado (01), moradores da comunidade enviaram imagens de agradecimento ao prefeito In\u00e1cio N\u00f3brega em agradecimento pelo ocorrido. <\/p>\n","protected":false},"excerpt":{"rendered":"<p>A antiga barragem da cidade de Amparo voltou a transbordar nessa \u00faltima sexta-feira, ap\u00f3s longos 11 anos. A barragem localizada na comunidade rural da Mata&hellip; <\/p>\n","protected":false},"author":2,"featured_media":150925,"comment_status":"closed","ping_status":"closed","sticky":false,"template":"","format":"standard","meta":{"sfsi_plus_gutenberg_text_before_share":"","sfsi_plus_gutenberg_show_text_before_share":"","sfsi_plus_gutenberg_icon_type":"","sfsi_plus_gutenberg_icon_alignemt":"","sfsi_plus_gutenburg_max_per_row":"","footnotes":""},"categories":[50,11],"tags":[],"class_list":["post-150924","post","type-post","status-publish","format-standard","has-post-thumbnail","hentry","category-destaque","category-politica"],"_links":{"self":[{"href":"https:\/\/www.caririemacao.com\/1\/wp-json\/wp\/v2\/posts\/150924","targetHints":{"allow":["GET"]}}],"collection":[{"href":"https:\/\/www.caririemacao.com\/1\/wp-json\/wp\/v2\/posts"}],"about":[{"href":"https:\/\/www.caririemacao.com\/1\/wp-json\/wp\/v2\/types\/post"}],"author":[{"embeddable":true,"href":"https:\/\/www.caririemacao.com\/1\/wp-json\/wp\/v2\/users\/2"}],"replies":[{"embeddable":true,"href":"https:\/\/www.caririemacao.com\/1\/wp-json\/wp\/v2\/comments?post=150924"}],"version-history":[{"count":1,"href":"https:\/\/www.caririemacao.com\/1\/wp-json\/wp\/v2\/posts\/150924\/revisions"}],"predecessor-version":[{"id":150926,"href":"https:\/\/www.caririemacao.com\/1\/wp-json\/wp\/v2\/posts\/150924\/revisions\/150926"}],"wp:featuredmedia":[{"embeddable":true,"href":"https:\/\/www.caririemacao.com\/1\/wp-json\/wp\/v2\/media\/150925"}],"wp:attachment":[{"href":"https:\/\/www.caririemacao.com\/1\/wp-json\/wp\/v2\/media?parent=150924"}],"wp:term":[{"taxonomy":"category","embeddable":true,"href":"https:\/\/www.caririemacao.com\/1\/wp-json\/wp\/v2\/categories?post=150924"},{"taxonomy":"post_tag","embeddable":true,"href":"https:\/\/www.caririemacao.com\/1\/wp-json\/wp\/v2\/tags?post=150924"}],"curies":[{"name":"wp","href":"https:\/\/api.w.org\/{rel}","templated":true}]}}