{"id":150929,"date":"2020-02-01T18:57:51","date_gmt":"2020-02-01T21:57:51","guid":{"rendered":"http:\/\/www.caririemacao.com\/1\/?p=150929"},"modified":"2020-02-01T18:57:52","modified_gmt":"2020-02-01T21:57:52","slug":"dois-jovens-morrem-apos-raio-cair-no-municipio-de-cubati","status":"publish","type":"post","link":"https:\/\/www.caririemacao.com\/1\/2020\/02\/01\/dois-jovens-morrem-apos-raio-cair-no-municipio-de-cubati\/","title":{"rendered":"Dois jovens morrem ap\u00f3s raio cair no munic\u00edpio de Cubati"},"content":{"rendered":"\n<p>Na tarde deste s\u00e1bado(01) dois jovens vieram a \u00f3bito ap\u00f3s serem atingidos por um raio. O fato aconteceu no S\u00edtio Po\u00e7o de Pedra, munic\u00edpio de Cubati, divisa com S\u00e3o Vicente do Serid\u00f3, interior da Para\u00edba.<\/p>\n\n\n\n<p>As v\u00edtimas foram identificadas como Fernando e Pedro, um adolescente de 16 anos e um jovem de 22 anos, respectivamente.<\/p>\n\n\n\n<p>Informa\u00e7\u00f5es obtidas, d\u00e3o conta de que os jovens teriam ido se abrigar da chuva que caia no momento debaixo de um p\u00e9 de algaroba e receberam a descarga, indo a \u00f3bito na hora.<\/p>\n\n\n\n<p>Familiares afirmaram que os dois rapazes vinham do com\u00e9rcio na cidade de Cubati. Toda a fam\u00edlia, amigos &nbsp;e moradores est\u00e3o abalados com a trag\u00e9dia.<\/p>\n\n\n\n<p><em>Com Heleno Lima<\/em><\/p>\n","protected":false},"excerpt":{"rendered":"<p>Na tarde deste s\u00e1bado(01) dois jovens vieram a \u00f3bito ap\u00f3s serem atingidos por um raio. O fato aconteceu no S\u00edtio Po\u00e7o de Pedra, munic\u00edpio de&hellip; <\/p>\n","protected":false},"author":1,"featured_media":150930,"comment_status":"closed","ping_status":"closed","sticky":false,"template":"","format":"standard","meta":{"sfsi_plus_gutenberg_text_before_share":"","sfsi_plus_gutenberg_show_text_before_share":"","sfsi_plus_gutenberg_icon_type":"","sfsi_plus_gutenberg_icon_alignemt":"","sfsi_plus_gutenburg_max_per_row":"","footnotes":""},"categories":[2],"tags":[],"class_list":["post-150929","post","type-post","status-publish","format-standard","has-post-thumbnail","hentry","category-geral"],"_links":{"self":[{"href":"https:\/\/www.caririemacao.com\/1\/wp-json\/wp\/v2\/posts\/150929","targetHints":{"allow":["GET"]}}],"collection":[{"href":"https:\/\/www.caririemacao.com\/1\/wp-json\/wp\/v2\/posts"}],"about":[{"href":"https:\/\/www.caririemacao.com\/1\/wp-json\/wp\/v2\/types\/post"}],"author":[{"embeddable":true,"href":"https:\/\/www.caririemacao.com\/1\/wp-json\/wp\/v2\/users\/1"}],"replies":[{"embeddable":true,"href":"https:\/\/www.caririemacao.com\/1\/wp-json\/wp\/v2\/comments?post=150929"}],"version-history":[{"count":1,"href":"https:\/\/www.caririemacao.com\/1\/wp-json\/wp\/v2\/posts\/150929\/revisions"}],"predecessor-version":[{"id":150931,"href":"https:\/\/www.caririemacao.com\/1\/wp-json\/wp\/v2\/posts\/150929\/revisions\/150931"}],"wp:featuredmedia":[{"embeddable":true,"href":"https:\/\/www.caririemacao.com\/1\/wp-json\/wp\/v2\/media\/150930"}],"wp:attachment":[{"href":"https:\/\/www.caririemacao.com\/1\/wp-json\/wp\/v2\/media?parent=150929"}],"wp:term":[{"taxonomy":"category","embeddable":true,"href":"https:\/\/www.caririemacao.com\/1\/wp-json\/wp\/v2\/categories?post=150929"},{"taxonomy":"post_tag","embeddable":true,"href":"https:\/\/www.caririemacao.com\/1\/wp-json\/wp\/v2\/tags?post=150929"}],"curies":[{"name":"wp","href":"https:\/\/api.w.org\/{rel}","templated":true}]}}