{"id":150962,"date":"2020-02-03T06:27:16","date_gmt":"2020-02-03T09:27:16","guid":{"rendered":"http:\/\/www.caririemacao.com\/1\/?p=150962"},"modified":"2020-02-03T06:27:18","modified_gmt":"2020-02-03T09:27:18","slug":"acude-do-congo-tem-aumento-de-12-metros-na-sua-lamina-de-agua","status":"publish","type":"post","link":"https:\/\/www.caririemacao.com\/1\/2020\/02\/03\/acude-do-congo-tem-aumento-de-12-metros-na-sua-lamina-de-agua\/","title":{"rendered":"A\u00e7ude do Congo  tem aumento de 1,2 metros na sua l\u00e2mina de \u00e1gua"},"content":{"rendered":"\n<p>O A\u00e7ude dos Cordeiros, localizado na cidade do Congo, recebeu nesse \u00faltimo final de semana, uma consider\u00e1vel recarga e teve um aumento de 1,2 metros na sua l\u00e2mina de \u00e1gua. Isso em decorr\u00eancia das fortes chuvas registradas na regi\u00e3o do Cariri paraibano durante todo o final de semana. <\/p>\n\n\n\n<p>O A\u00e7ude dos Cordeiros \u00e9 o respons\u00e1vel pelo abastecimento tanto da cidade do Congo, como de outras cidades, incluindo: Serra Branca, S\u00e3o Jo\u00e3o do Cariri e outras cidades da regi\u00e3o.<\/p>\n\n\n\n<p>Dand\u00e1ra Leite<\/p>\n","protected":false},"excerpt":{"rendered":"<p>O A\u00e7ude dos Cordeiros, localizado na cidade do Congo, recebeu nesse \u00faltimo final de semana, uma consider\u00e1vel recarga e teve um aumento de 1,2 metros&hellip; <\/p>\n","protected":false},"author":2,"featured_media":150966,"comment_status":"closed","ping_status":"closed","sticky":false,"template":"","format":"standard","meta":{"sfsi_plus_gutenberg_text_before_share":"","sfsi_plus_gutenberg_show_text_before_share":"","sfsi_plus_gutenberg_icon_type":"","sfsi_plus_gutenberg_icon_alignemt":"","sfsi_plus_gutenburg_max_per_row":"","footnotes":""},"categories":[50,2],"tags":[],"class_list":["post-150962","post","type-post","status-publish","format-standard","has-post-thumbnail","hentry","category-destaque","category-geral"],"_links":{"self":[{"href":"https:\/\/www.caririemacao.com\/1\/wp-json\/wp\/v2\/posts\/150962","targetHints":{"allow":["GET"]}}],"collection":[{"href":"https:\/\/www.caririemacao.com\/1\/wp-json\/wp\/v2\/posts"}],"about":[{"href":"https:\/\/www.caririemacao.com\/1\/wp-json\/wp\/v2\/types\/post"}],"author":[{"embeddable":true,"href":"https:\/\/www.caririemacao.com\/1\/wp-json\/wp\/v2\/users\/2"}],"replies":[{"embeddable":true,"href":"https:\/\/www.caririemacao.com\/1\/wp-json\/wp\/v2\/comments?post=150962"}],"version-history":[{"count":1,"href":"https:\/\/www.caririemacao.com\/1\/wp-json\/wp\/v2\/posts\/150962\/revisions"}],"predecessor-version":[{"id":150967,"href":"https:\/\/www.caririemacao.com\/1\/wp-json\/wp\/v2\/posts\/150962\/revisions\/150967"}],"wp:featuredmedia":[{"embeddable":true,"href":"https:\/\/www.caririemacao.com\/1\/wp-json\/wp\/v2\/media\/150966"}],"wp:attachment":[{"href":"https:\/\/www.caririemacao.com\/1\/wp-json\/wp\/v2\/media?parent=150962"}],"wp:term":[{"taxonomy":"category","embeddable":true,"href":"https:\/\/www.caririemacao.com\/1\/wp-json\/wp\/v2\/categories?post=150962"},{"taxonomy":"post_tag","embeddable":true,"href":"https:\/\/www.caririemacao.com\/1\/wp-json\/wp\/v2\/tags?post=150962"}],"curies":[{"name":"wp","href":"https:\/\/api.w.org\/{rel}","templated":true}]}}