{"id":150968,"date":"2020-02-03T06:33:13","date_gmt":"2020-02-03T09:33:13","guid":{"rendered":"http:\/\/www.caririemacao.com\/1\/?p=150968"},"modified":"2020-02-03T06:33:15","modified_gmt":"2020-02-03T09:33:15","slug":"bolsonaro-culpa-governadores-pela-alta-no-preco-dos-combustiveis","status":"publish","type":"post","link":"https:\/\/www.caririemacao.com\/1\/2020\/02\/03\/bolsonaro-culpa-governadores-pela-alta-no-preco-dos-combustiveis\/","title":{"rendered":"Bolsonaro culpa governadores pela alta no pre\u00e7o dos combust\u00edveis"},"content":{"rendered":"\n<h2 class=\"wp-block-heading\"><\/h2>\n\n\n\n<p>O presidente Jair Bolsonaro (sem partido) culpou os governadores dos 26 estados e do Distrito Federal pela alta no pre\u00e7o dos combust\u00edveis. Em cinco posts no Twitter, ele disse que os chefes dos executivos locais n\u00e3o admitem perder receita, mesmo com a queda dos valores cobrados nas refinarias.<br>Na primeira publica\u00e7\u00e3o feita na tarde deste domingo (02\/02\/2020), Bolsonaro escreveu: \u201cPela 3\u00aa vez consecutiva baixamos os pre\u00e7os da gasolina e diesel nas refinarias, mas os pre\u00e7os n\u00e3o diminuem nos postos, por que?\u201d.<br>No post seguinte, ele mesmo responde: \u201cPorque os governadores cobram, em m\u00e9dia 30%, de ICMS sobre o valor m\u00e9dio cobrado nas bombas dos postos e atualizam apenas de 15 em 15 dias, prejudicando o consumidor\u201d.<br>Na sequ\u00eancia, o presidente promete tentar \u201cmudar a legisla\u00e7\u00e3o por lei complementar, de modo que o ICMS seja um valor por litro e n\u00e3o mais pela m\u00e9dia dos postos\u201d. Depois, emenda com uma provoca\u00e7\u00e3o. \u201cE agora? Em quanto tempo? Como fica o interesse dos governadores? Etc \u2026\u201d.<br><\/p>\n\n\n\n<figure class=\"wp-block-image\"><a href=\"https:\/\/www.metropoles.com\/brasil\/bolsonaro-culpa-governadores-pela-alta-no-preco-dos-combustiveis\/attachment\/jair-bolsonaro39\"><img decoding=\"async\" data-src=\"https:\/\/uploads.metropoles.com\/wp-content\/uploads\/2020\/02\/02184018\/Jair-Bolsonaro39.jpeg\" alt=\"\" class=\"wp-image-1177366 lazyload\" src=\"data:image\/svg+xml;base64,PHN2ZyB3aWR0aD0iMSIgaGVpZ2h0PSIxIiB4bWxucz0iaHR0cDovL3d3dy53My5vcmcvMjAwMC9zdmciPjwvc3ZnPg==\" \/><\/a><\/figure>\n\n\n\n<p>Venda direta na semana passada, Bolsonaro j\u00e1 havia defendido a venda direta do etanol sem a participa\u00e7\u00e3o de intermedi\u00e1rios. \u201cN\u00f3s baixamos em 3% em m\u00e9dia o pre\u00e7o dos combust\u00edveis nas refinarias. Mas na bomba aumentou de pre\u00e7o\u201c, reclamou.<\/p>\n\n\n\n<p>Com informa\u00e7\u00f5es de Metr\u00f3poles<\/p>\n","protected":false},"excerpt":{"rendered":"<p>O presidente Jair Bolsonaro (sem partido) culpou os governadores dos 26 estados e do Distrito Federal pela alta no pre\u00e7o dos combust\u00edveis. Em cinco posts&hellip; <\/p>\n","protected":false},"author":2,"featured_media":150971,"comment_status":"closed","ping_status":"closed","sticky":false,"template":"","format":"standard","meta":{"sfsi_plus_gutenberg_text_before_share":"","sfsi_plus_gutenberg_show_text_before_share":"","sfsi_plus_gutenberg_icon_type":"","sfsi_plus_gutenberg_icon_alignemt":"","sfsi_plus_gutenburg_max_per_row":"","footnotes":""},"categories":[50,11],"tags":[],"class_list":["post-150968","post","type-post","status-publish","format-standard","has-post-thumbnail","hentry","category-destaque","category-politica"],"_links":{"self":[{"href":"https:\/\/www.caririemacao.com\/1\/wp-json\/wp\/v2\/posts\/150968","targetHints":{"allow":["GET"]}}],"collection":[{"href":"https:\/\/www.caririemacao.com\/1\/wp-json\/wp\/v2\/posts"}],"about":[{"href":"https:\/\/www.caririemacao.com\/1\/wp-json\/wp\/v2\/types\/post"}],"author":[{"embeddable":true,"href":"https:\/\/www.caririemacao.com\/1\/wp-json\/wp\/v2\/users\/2"}],"replies":[{"embeddable":true,"href":"https:\/\/www.caririemacao.com\/1\/wp-json\/wp\/v2\/comments?post=150968"}],"version-history":[{"count":2,"href":"https:\/\/www.caririemacao.com\/1\/wp-json\/wp\/v2\/posts\/150968\/revisions"}],"predecessor-version":[{"id":150972,"href":"https:\/\/www.caririemacao.com\/1\/wp-json\/wp\/v2\/posts\/150968\/revisions\/150972"}],"wp:featuredmedia":[{"embeddable":true,"href":"https:\/\/www.caririemacao.com\/1\/wp-json\/wp\/v2\/media\/150971"}],"wp:attachment":[{"href":"https:\/\/www.caririemacao.com\/1\/wp-json\/wp\/v2\/media?parent=150968"}],"wp:term":[{"taxonomy":"category","embeddable":true,"href":"https:\/\/www.caririemacao.com\/1\/wp-json\/wp\/v2\/categories?post=150968"},{"taxonomy":"post_tag","embeddable":true,"href":"https:\/\/www.caririemacao.com\/1\/wp-json\/wp\/v2\/tags?post=150968"}],"curies":[{"name":"wp","href":"https:\/\/api.w.org\/{rel}","templated":true}]}}