{"id":150973,"date":"2020-02-03T06:38:50","date_gmt":"2020-02-03T09:38:50","guid":{"rendered":"http:\/\/www.caririemacao.com\/1\/?p=150973"},"modified":"2020-02-03T06:38:52","modified_gmt":"2020-02-03T09:38:52","slug":"prefeito-de-cruz-do-espirito-santo-reinaugura-policlinica-da-saude-ao-lado-de-aliny-do-povao","status":"publish","type":"post","link":"https:\/\/www.caririemacao.com\/1\/2020\/02\/03\/prefeito-de-cruz-do-espirito-santo-reinaugura-policlinica-da-saude-ao-lado-de-aliny-do-povao\/","title":{"rendered":"Prefeito de Cruz do Esp\u00edrito Santo reinaugura Policl\u00ednica da Sa\u00fade ao lado de \u2018Aliny do Pov\u00e3o\u2019"},"content":{"rendered":"\n<p>Os moradores de Cruz do Esp\u00edrito Santo, na regi\u00e3o metropolitana de Jo\u00e3o Pessoa, ganharam uma nova policl\u00ednica. O prefeito Pedro Gomes (Pedrito), h\u00e1 menos de uma semana, reinaugurou a policl\u00ednica municipal, com uma nova estrutura e mais servi\u00e7os oferecidos \u00e0 popula\u00e7\u00e3o da zona urbana e comunidades rurais, com 12 especialidades m\u00e9dicas.<\/p>\n\n\n\n<p>O equipamento fica no centro da cidade, segundo informa\u00e7\u00f5es da Prefeitura e secretaria municipal de Sa\u00fade. Ser\u00e3o realizados os servi\u00e7os de ultrassonografia, urologia, psiquiatria, pediatria, dermatologia, psicologia, nutricionista, cardiologia, fisioterapia, ginecologia, fonoaudiologia e triagens para cirurgias ginecol\u00f3gicas, entre outros.<br>Durante a reinaugura\u00e7\u00e3o tamb\u00e9m foi entregue novos equipamentos para a sala de fisioterapia e a amplia\u00e7\u00e3o para o aumento do n\u00famero de ultrassonografias. \u201cA popula\u00e7\u00e3o contar\u00e1 com servi\u00e7os de sa\u00fade p\u00fablica humanizado, atrav\u00e9s do SUS no munic\u00edpio\u201d, disse.<\/p>\n\n\n\n<p>Muito emocionado e feliz, Pedrito frisou em suas palavras: \u201cAo lado da amiga Aliny do Pov\u00e3o, de Amanda, e de outros auxiliares do nosso governo, dos aliados e amigos, entrego a reinaugura\u00e7\u00e3o da policl\u00ednica e lembro que temos mais de 11 obras em andamento\u201d, afirmou o prefeito.<\/p>\n\n\n\n<p>Representando a C\u00e2mara de Vereadores, Aliny proferiu discurso e disse: \u201cA popula\u00e7\u00e3o de Cruz do Esp\u00edrito Santo est\u00e1 feliz pela as a\u00e7\u00f5es desenvolvidas pela Prefeitura desde janeiro de 2013 e continuar\u00e1 at\u00e9 dezembro de 2020, com um gestor operoso e dedicado a fazer o bem a todos os moradores. O projeto da gest\u00e3o I e II de Pedrito, ter\u00e1 continuidade a partir de janeiro de 2021, vamos que vamos\u201d, disse Aliny.<\/p>\n\n\n\n<p>O evento contou com as presen\u00e7as o padre C\u00edcero Salvador, que fez as b\u00ean\u00e7\u00e3os ao local, a vereadora Aliny do Pov\u00e3o (pr\u00e9-candidata a prefeita nas elei\u00e7\u00f5es de outubro), secret\u00e1ria de sa\u00fade, Amanda Moreira, outros parlamentares da base governista na C\u00e2mara, representante da vice-prefeita, e lideran\u00e7as comunit\u00e1rias, estudantis, sindicais, e de outros segmentos da sociedade civil organizada.<\/p>\n\n\n\n<p>Bruno Lira<\/p>\n","protected":false},"excerpt":{"rendered":"<p>Os moradores de Cruz do Esp\u00edrito Santo, na regi\u00e3o metropolitana de Jo\u00e3o Pessoa, ganharam uma nova policl\u00ednica. O prefeito Pedro Gomes (Pedrito), h\u00e1 menos de&hellip; <\/p>\n","protected":false},"author":2,"featured_media":150974,"comment_status":"closed","ping_status":"closed","sticky":false,"template":"","format":"standard","meta":{"sfsi_plus_gutenberg_text_before_share":"","sfsi_plus_gutenberg_show_text_before_share":"","sfsi_plus_gutenberg_icon_type":"","sfsi_plus_gutenberg_icon_alignemt":"","sfsi_plus_gutenburg_max_per_row":"","footnotes":""},"categories":[50,11],"tags":[],"class_list":["post-150973","post","type-post","status-publish","format-standard","has-post-thumbnail","hentry","category-destaque","category-politica"],"_links":{"self":[{"href":"https:\/\/www.caririemacao.com\/1\/wp-json\/wp\/v2\/posts\/150973","targetHints":{"allow":["GET"]}}],"collection":[{"href":"https:\/\/www.caririemacao.com\/1\/wp-json\/wp\/v2\/posts"}],"about":[{"href":"https:\/\/www.caririemacao.com\/1\/wp-json\/wp\/v2\/types\/post"}],"author":[{"embeddable":true,"href":"https:\/\/www.caririemacao.com\/1\/wp-json\/wp\/v2\/users\/2"}],"replies":[{"embeddable":true,"href":"https:\/\/www.caririemacao.com\/1\/wp-json\/wp\/v2\/comments?post=150973"}],"version-history":[{"count":1,"href":"https:\/\/www.caririemacao.com\/1\/wp-json\/wp\/v2\/posts\/150973\/revisions"}],"predecessor-version":[{"id":150975,"href":"https:\/\/www.caririemacao.com\/1\/wp-json\/wp\/v2\/posts\/150973\/revisions\/150975"}],"wp:featuredmedia":[{"embeddable":true,"href":"https:\/\/www.caririemacao.com\/1\/wp-json\/wp\/v2\/media\/150974"}],"wp:attachment":[{"href":"https:\/\/www.caririemacao.com\/1\/wp-json\/wp\/v2\/media?parent=150973"}],"wp:term":[{"taxonomy":"category","embeddable":true,"href":"https:\/\/www.caririemacao.com\/1\/wp-json\/wp\/v2\/categories?post=150973"},{"taxonomy":"post_tag","embeddable":true,"href":"https:\/\/www.caririemacao.com\/1\/wp-json\/wp\/v2\/tags?post=150973"}],"curies":[{"name":"wp","href":"https:\/\/api.w.org\/{rel}","templated":true}]}}