{"id":150976,"date":"2020-02-03T06:49:16","date_gmt":"2020-02-03T09:49:16","guid":{"rendered":"http:\/\/www.caririemacao.com\/1\/?p=150976"},"modified":"2020-02-03T06:49:18","modified_gmt":"2020-02-03T09:49:18","slug":"acidente-deixa-vitima-fatal-na-estrada-da-regiao-do-cariri","status":"publish","type":"post","link":"https:\/\/www.caririemacao.com\/1\/2020\/02\/03\/acidente-deixa-vitima-fatal-na-estrada-da-regiao-do-cariri\/","title":{"rendered":"Acidente deixa v\u00edtima fatal na  estrada da regi\u00e3o do Cariri"},"content":{"rendered":"\n<p>Um acidente registrado na tarde deste domingo 02, deixou uma v\u00edtima fatal. Um garoto de 12 anos de idade, identificado por Diego Henrique Arruda Silva, morreu em um acidente envolvendo uma moto e um caminh\u00e3o, por volta das 13h30, nas proximidades do s\u00edtio Lajes, zona rural de Boqueir\u00e3o, Cariri da Para\u00edba.<\/p>\n\n\n\n<p>O garoto vinha como passageiro da moto que era conduzia pelo seu pai, Valdeir Arruda, conhecido por Didi.<\/p>\n\n\n\n<p>De acordo com a pol\u00edcia, ainda n\u00e3o se sabe de quem foi a culpa da causa do acidente. <\/p>\n\n\n\n<p>Diego morreu a caminho do Hospital Regional de Boqueir\u00e3o e o seu pai foi transferido para o Hospital de Campina Grande.<\/p>\n\n\n\n<p>Pai filho estavam voltando da comunidade da Floresta com destino a zona urbana de Boqueir\u00e3o.<\/p>\n\n\n\n<p>Dand\u00e1ra Leite<\/p>\n\n\n\n<p>Informa\u00e7\u00f5es: de Olho no Cariri<\/p>\n","protected":false},"excerpt":{"rendered":"<p>Um acidente registrado na tarde deste domingo 02, deixou uma v\u00edtima fatal. Um garoto de 12 anos de idade, identificado por Diego Henrique Arruda Silva,&hellip; <\/p>\n","protected":false},"author":2,"featured_media":85553,"comment_status":"closed","ping_status":"closed","sticky":false,"template":"","format":"standard","meta":{"sfsi_plus_gutenberg_text_before_share":"","sfsi_plus_gutenberg_show_text_before_share":"","sfsi_plus_gutenberg_icon_type":"","sfsi_plus_gutenberg_icon_alignemt":"","sfsi_plus_gutenburg_max_per_row":"","footnotes":""},"categories":[50,12],"tags":[],"class_list":["post-150976","post","type-post","status-publish","format-standard","has-post-thumbnail","hentry","category-destaque","category-policia"],"_links":{"self":[{"href":"https:\/\/www.caririemacao.com\/1\/wp-json\/wp\/v2\/posts\/150976","targetHints":{"allow":["GET"]}}],"collection":[{"href":"https:\/\/www.caririemacao.com\/1\/wp-json\/wp\/v2\/posts"}],"about":[{"href":"https:\/\/www.caririemacao.com\/1\/wp-json\/wp\/v2\/types\/post"}],"author":[{"embeddable":true,"href":"https:\/\/www.caririemacao.com\/1\/wp-json\/wp\/v2\/users\/2"}],"replies":[{"embeddable":true,"href":"https:\/\/www.caririemacao.com\/1\/wp-json\/wp\/v2\/comments?post=150976"}],"version-history":[{"count":1,"href":"https:\/\/www.caririemacao.com\/1\/wp-json\/wp\/v2\/posts\/150976\/revisions"}],"predecessor-version":[{"id":150978,"href":"https:\/\/www.caririemacao.com\/1\/wp-json\/wp\/v2\/posts\/150976\/revisions\/150978"}],"wp:featuredmedia":[{"embeddable":true,"href":"https:\/\/www.caririemacao.com\/1\/wp-json\/wp\/v2\/media\/85553"}],"wp:attachment":[{"href":"https:\/\/www.caririemacao.com\/1\/wp-json\/wp\/v2\/media?parent=150976"}],"wp:term":[{"taxonomy":"category","embeddable":true,"href":"https:\/\/www.caririemacao.com\/1\/wp-json\/wp\/v2\/categories?post=150976"},{"taxonomy":"post_tag","embeddable":true,"href":"https:\/\/www.caririemacao.com\/1\/wp-json\/wp\/v2\/tags?post=150976"}],"curies":[{"name":"wp","href":"https:\/\/api.w.org\/{rel}","templated":true}]}}