{"id":150988,"date":"2020-02-03T06:59:33","date_gmt":"2020-02-03T09:59:33","guid":{"rendered":"http:\/\/www.caririemacao.com\/1\/?p=150988"},"modified":"2020-02-03T06:59:35","modified_gmt":"2020-02-03T09:59:35","slug":"policia-militar-recebe-denuncia-de-maus-tratos-a-animais-em-cidade-do-cariri","status":"publish","type":"post","link":"https:\/\/www.caririemacao.com\/1\/2020\/02\/03\/policia-militar-recebe-denuncia-de-maus-tratos-a-animais-em-cidade-do-cariri\/","title":{"rendered":"Pol\u00edcia Militar recebe den\u00fancia de maus-tratos a animais em cidade do Cariri"},"content":{"rendered":"\n<p>Na tarde deste s\u00e1bado 01, por volta das 16:00h foi feita uma den\u00fancia an\u00f4nima para a Central de Opera\u00e7\u00f5es da Pol\u00edcia Militar (Copom),&nbsp; a respeito de mais tratos de animais na Rua Luiz Queler na cidade de Amparo, Cariri da Para\u00edba.<\/p>\n\n\n\n<p>De imediato uma guarni\u00e7\u00e3o da PM deslocou-se at\u00e9 o local para realizar a devida averigua\u00e7\u00e3o. E ao chegar no local, constatou que o denunciado estava criando diversos animais silvestres sem permiss\u00e3o e autoriza\u00e7\u00e3o de autoridades competentes.<\/p>\n\n\n\n<p>Os animais e as gaiolas foram conduzidos junto com o acusado para a delegacia da cidade de Monteiro para as devidas provid\u00eancias.<\/p>\n","protected":false},"excerpt":{"rendered":"<p>Na tarde deste s\u00e1bado 01, por volta das 16:00h foi feita uma den\u00fancia an\u00f4nima para a Central de Opera\u00e7\u00f5es da Pol\u00edcia Militar (Copom),&nbsp; a respeito&hellip; <\/p>\n","protected":false},"author":1,"featured_media":62167,"comment_status":"closed","ping_status":"closed","sticky":false,"template":"","format":"standard","meta":{"sfsi_plus_gutenberg_text_before_share":"","sfsi_plus_gutenberg_show_text_before_share":"","sfsi_plus_gutenberg_icon_type":"","sfsi_plus_gutenberg_icon_alignemt":"","sfsi_plus_gutenburg_max_per_row":"","footnotes":""},"categories":[12],"tags":[],"class_list":["post-150988","post","type-post","status-publish","format-standard","has-post-thumbnail","hentry","category-policia"],"_links":{"self":[{"href":"https:\/\/www.caririemacao.com\/1\/wp-json\/wp\/v2\/posts\/150988","targetHints":{"allow":["GET"]}}],"collection":[{"href":"https:\/\/www.caririemacao.com\/1\/wp-json\/wp\/v2\/posts"}],"about":[{"href":"https:\/\/www.caririemacao.com\/1\/wp-json\/wp\/v2\/types\/post"}],"author":[{"embeddable":true,"href":"https:\/\/www.caririemacao.com\/1\/wp-json\/wp\/v2\/users\/1"}],"replies":[{"embeddable":true,"href":"https:\/\/www.caririemacao.com\/1\/wp-json\/wp\/v2\/comments?post=150988"}],"version-history":[{"count":1,"href":"https:\/\/www.caririemacao.com\/1\/wp-json\/wp\/v2\/posts\/150988\/revisions"}],"predecessor-version":[{"id":150989,"href":"https:\/\/www.caririemacao.com\/1\/wp-json\/wp\/v2\/posts\/150988\/revisions\/150989"}],"wp:featuredmedia":[{"embeddable":true,"href":"https:\/\/www.caririemacao.com\/1\/wp-json\/wp\/v2\/media\/62167"}],"wp:attachment":[{"href":"https:\/\/www.caririemacao.com\/1\/wp-json\/wp\/v2\/media?parent=150988"}],"wp:term":[{"taxonomy":"category","embeddable":true,"href":"https:\/\/www.caririemacao.com\/1\/wp-json\/wp\/v2\/categories?post=150988"},{"taxonomy":"post_tag","embeddable":true,"href":"https:\/\/www.caririemacao.com\/1\/wp-json\/wp\/v2\/tags?post=150988"}],"curies":[{"name":"wp","href":"https:\/\/api.w.org\/{rel}","templated":true}]}}