{"id":150991,"date":"2020-02-03T07:01:01","date_gmt":"2020-02-03T10:01:01","guid":{"rendered":"http:\/\/www.caririemacao.com\/1\/?p=150991"},"modified":"2020-02-03T07:01:03","modified_gmt":"2020-02-03T10:01:03","slug":"garoto-de-12-anos-morre-apos-moto-colidir-com-caminhao-em-estrada-na-regiao-do-cariri","status":"publish","type":"post","link":"https:\/\/www.caririemacao.com\/1\/2020\/02\/03\/garoto-de-12-anos-morre-apos-moto-colidir-com-caminhao-em-estrada-na-regiao-do-cariri\/","title":{"rendered":"Garoto de 12 anos morre ap\u00f3s moto colidir com caminh\u00e3o em estrada na regi\u00e3o do Cariri"},"content":{"rendered":"\n<p> Um garoto de 12 anos de idade, identificado por Diego Henrique Arruda Silva, morreu em um acidente envolvendo uma moto e um caminh\u00e3o, por volta das 13h30, nas proximidades do s\u00edtio Lajes, zona rural de Boqueir\u00e3o, Cariri da Para\u00edba.<\/p>\n\n\n\n<p>O garoto vinha como passageiro da moto que era conduzia pelo seu pai, Valdeir Arruda, conhecido por Didi.<\/p>\n\n\n\n<p>Ainda n\u00e3o se sabe de quem foi \u00e0 culpa de causar o acidente.<\/p>\n\n\n\n<p>Diego morreu a caminho do Hospital Regional de Boqueir\u00e3o e o seu pai foi transferido para o Hospital de Campina Grande.<\/p>\n\n\n\n<p>Pai filho estavam voltando da comunidade da Floresta com destino a zona urbana de Boqueir\u00e3o.<\/p>\n\n\n\n<p><strong>De Olho no Cariri<\/strong><\/p>\n","protected":false},"excerpt":{"rendered":"<p>Um garoto de 12 anos de idade, identificado por Diego Henrique Arruda Silva, morreu em um acidente envolvendo uma moto e um caminh\u00e3o, por volta&hellip; <\/p>\n","protected":false},"author":1,"featured_media":150992,"comment_status":"closed","ping_status":"closed","sticky":false,"template":"","format":"standard","meta":{"sfsi_plus_gutenberg_text_before_share":"","sfsi_plus_gutenberg_show_text_before_share":"","sfsi_plus_gutenberg_icon_type":"","sfsi_plus_gutenberg_icon_alignemt":"","sfsi_plus_gutenburg_max_per_row":"","footnotes":""},"categories":[12],"tags":[],"class_list":["post-150991","post","type-post","status-publish","format-standard","has-post-thumbnail","hentry","category-policia"],"_links":{"self":[{"href":"https:\/\/www.caririemacao.com\/1\/wp-json\/wp\/v2\/posts\/150991","targetHints":{"allow":["GET"]}}],"collection":[{"href":"https:\/\/www.caririemacao.com\/1\/wp-json\/wp\/v2\/posts"}],"about":[{"href":"https:\/\/www.caririemacao.com\/1\/wp-json\/wp\/v2\/types\/post"}],"author":[{"embeddable":true,"href":"https:\/\/www.caririemacao.com\/1\/wp-json\/wp\/v2\/users\/1"}],"replies":[{"embeddable":true,"href":"https:\/\/www.caririemacao.com\/1\/wp-json\/wp\/v2\/comments?post=150991"}],"version-history":[{"count":1,"href":"https:\/\/www.caririemacao.com\/1\/wp-json\/wp\/v2\/posts\/150991\/revisions"}],"predecessor-version":[{"id":150993,"href":"https:\/\/www.caririemacao.com\/1\/wp-json\/wp\/v2\/posts\/150991\/revisions\/150993"}],"wp:featuredmedia":[{"embeddable":true,"href":"https:\/\/www.caririemacao.com\/1\/wp-json\/wp\/v2\/media\/150992"}],"wp:attachment":[{"href":"https:\/\/www.caririemacao.com\/1\/wp-json\/wp\/v2\/media?parent=150991"}],"wp:term":[{"taxonomy":"category","embeddable":true,"href":"https:\/\/www.caririemacao.com\/1\/wp-json\/wp\/v2\/categories?post=150991"},{"taxonomy":"post_tag","embeddable":true,"href":"https:\/\/www.caririemacao.com\/1\/wp-json\/wp\/v2\/tags?post=150991"}],"curies":[{"name":"wp","href":"https:\/\/api.w.org\/{rel}","templated":true}]}}