{"id":150998,"date":"2020-02-03T07:04:34","date_gmt":"2020-02-03T10:04:34","guid":{"rendered":"http:\/\/www.caririemacao.com\/1\/?p=150998"},"modified":"2020-02-03T07:04:35","modified_gmt":"2020-02-03T10:04:35","slug":"papa-francisco-decide-receber-lula-em-audiencia-com-todo-o-prazer","status":"publish","type":"post","link":"https:\/\/www.caririemacao.com\/1\/2020\/02\/03\/papa-francisco-decide-receber-lula-em-audiencia-com-todo-o-prazer\/","title":{"rendered":"Papa Francisco decide receber Lula em audi\u00eancia: \u201cCom todo o prazer\u201d"},"content":{"rendered":"\n<p>O Papa Francisco ter\u00e1 \u201ctodo o prazer\u201d em receber o ex-presidente Lula no Vaticano, informou o presidente argentino, Alberto Fern\u00e1ndez, ap\u00f3s reuni\u00e3o nesta sexta-feira (31) com o pont\u00edfice no qual transmitiu o pedido de Lula. Mas, ao aproximar o Papa de Lula, o presidente argentino afasta-se automaticamente de Jair Bolsonaro.<\/p>\n\n\n\n<p>\u201cO Lula me pediu para ver o Papa. E eu pedi (ao Papa) se ele podia receber o Lula. E ele (o Papa) me disse que \u2018claro\u2019 e que (o Lula) lhe escrevesse porque ele (o Papa), com todo prazer, o receber\u00e1\u201d, revelou o presidente argentino depois de reunir-se nesta sexta-feira com o Papa no Vaticano.<\/p>\n\n\n\n<p>Fern\u00e1ndez tamb\u00e9m indicou aos jornalistas que o assunto sobre uma visita de Lula ao Vaticano surgiu quando os dois, Alberto Fern\u00e1ndez e Papa Francisco, tocaram no assunto sobre \u201cLawfare\u201d, termo usado para definir uma guerra judici\u00e1ria para intervir na pol\u00edtica e para destruir advers\u00e1rios.<\/p>\n\n\n\n<p>A interven\u00e7\u00e3o de Alberto Fern\u00e1ndez para que o Papa receba Lula tamb\u00e9m revela um desejo do ex-presidente brasileiro, libertado em novembro passado, depois de 19 meses preso.<\/p>\n\n\n\n<p><strong><em>Fern\u00e1ndez, uma ponte da causa Lula com o Papa<\/em><\/strong><\/p>\n\n\n\n<p>Em agosto de 2018, quando Lula completava quatro meses de pris\u00e3o, Alberto Fern\u00e1ndez j\u00e1 tinha pedido que o Papa o recebesse acompanhado pelo ex-chanceler de Lula, Celso Amorim, e pelo ex-senador chileno, Carlos Ominami.<\/p>\n\n\n\n<p>O objetivo daquela reuni\u00e3o, realizada na resid\u00eancia do pont\u00edfice, a Casa Santa Marta, era tornar ainda mais vis\u00edvel a luta pela liberdade de Lula. Na ocasi\u00e3o, o Papa Francisco escreveu uma mensagem a Lula na qual o aben\u00e7oava.<\/p>\n\n\n\n<p>\u201cA Luiz In\u00e1cio Lula da Silva com a minha b\u00ean\u00e7\u00e3o, pedindo-lhe para rezar por mim, Francisco\u201d, dizia a mensagem escrita na folha de rosto de um livro. O Papa recebera um exemplar em italiano do livro \u201cA verdade vencer\u00e1\u201d, de Lula.<\/p>\n\n\n\n<p>Naquela ocasi\u00e3o, Alberto Fern\u00e1ndez estava longe de qualquer cargo pol\u00edtico, mas conhecia o Papa da \u00e9poca em que tinha sido chefe do Gabinete de ministros do governo Kirchner. O ent\u00e3o arcebispo de Buenos Aires, Jorge Bergoglio, e Fern\u00e1ndez chegaram, inclusive, a ter o mesmo odontologista.<\/p>\n\n\n\n<p><strong><em>Um Papa que pensa como n\u00f3s, diz Lula<\/em><\/strong><\/p>\n\n\n\n<p>Em maio do ano passado, o Papa Francisco enviou uma carta a Lula na pris\u00e3o, pedindo ao ex-presidente que n\u00e3o desanimasse nem deixasse de confiar em Deus. \u201cO bem vencer\u00e1 o mal, a verdade vencer\u00e1 a mentira e a Salva\u00e7\u00e3o vencer\u00e1 a condena\u00e7\u00e3o\u201d, afirmava o Papa, lembrando a morte e a ressurrei\u00e7\u00e3o de Jesus Cristo.<\/p>\n\n\n\n<p>A carta do Papa era uma resposta a outra de Lula na qual o ex-presidente agradecia o apoio \u201cao povo brasileiro pela justi\u00e7a e pelos direitos dos mais pobres\u201d e pedia o apoio e a amizade do Papa.<\/p>\n\n\n\n<p>Nesta semana, numa entrevista com o jornal argentino P\u00e1gina 12, Lula fez v\u00e1rios elogios ao Papa. \u201c\u00c9 um Papa comprometido com o povo pobre, com o combate \u00e0 fome, ao desemprego \u00e0 viol\u00eancia, aos crimes contra as mulheres e contra os negros. Ou seja: ele \u00e9 tudo o que n\u00f3s queremos de um Papa. \u00c9 um Papa que pensa como n\u00f3s\u201d, enfatizou Lula.<\/p>\n\n\n\n<p><strong><em>Dist\u00e2ncia autom\u00e1tica de Bolsonaro<\/em><\/strong><\/p>\n\n\n\n<p>Ao aproximar o Papa de Lula, Alberto Fern\u00e1ndez afasta-se automaticamente do presidente brasileiro, Jair Bolsonaro, inimigo de Lula. A gest\u00e3o pessoal de Fern\u00e1ndez para um encontro entre o Papa e Lula acontece num momento em que a Diplomacia argentina tenta costurar uma reuni\u00e3o entre Fern\u00e1ndez e Bolsonaro depois que, durante os \u00faltimos meses, os dois trocassem farpas, pondo em risco a rela\u00e7\u00e3o bilateral, eixo da integra\u00e7\u00e3o regional.<\/p>\n\n\n\n<p>No \u00faltimo dia 16, o presidente Jair Bolsonaro disse que a decis\u00e3o dos Estados Unidos de priorizarem o Brasil -e n\u00e3o mais \u00e0 Argentina- para entrar na Organiza\u00e7\u00e3o para a Coopera\u00e7\u00e3o e Desenvolvimento Econ\u00f3mico (OCDE) tinha rela\u00e7\u00e3o com a decis\u00e3o dos argentinos de \u201celegerem quem os colocou na situa\u00e7\u00e3o de desgra\u00e7a na qual se encontravam\u201d, em alus\u00e3o \u00e0 volta ao poder do kirchnerismo da vice-presidente, Cristina Kirchner, quem governara o pa\u00eds entre 2007 e 2015.<\/p>\n\n\n\n<p>O clima entre os dois governantes ficou ensombrado depois que Alberto Fern\u00e1ndez, durante a campanha eleitoral, visitou Lula na pris\u00e3o e, durante o discurso de vit\u00f3ria, pediu a sua liberta\u00e7\u00e3o. Esse discurso levou Bolsonaro a n\u00e3o cumprimentar Fern\u00e1ndez pela vit\u00f3ria e a n\u00e3o ir \u00e0 posse. Na ocasi\u00e3o, Bolsonaro disse que os argentinos \u201cescolheram mal\u201d.<\/p>\n\n\n\n<p><em>Portal Brasil 247<\/em><\/p>\n","protected":false},"excerpt":{"rendered":"<p>O Papa Francisco ter\u00e1 \u201ctodo o prazer\u201d em receber o ex-presidente Lula no Vaticano, informou o presidente argentino, Alberto Fern\u00e1ndez, ap\u00f3s reuni\u00e3o nesta sexta-feira (31)&hellip; <\/p>\n","protected":false},"author":1,"featured_media":96478,"comment_status":"closed","ping_status":"closed","sticky":false,"template":"","format":"standard","meta":{"sfsi_plus_gutenberg_text_before_share":"","sfsi_plus_gutenberg_show_text_before_share":"","sfsi_plus_gutenberg_icon_type":"","sfsi_plus_gutenberg_icon_alignemt":"","sfsi_plus_gutenburg_max_per_row":"","footnotes":""},"categories":[2],"tags":[],"class_list":["post-150998","post","type-post","status-publish","format-standard","has-post-thumbnail","hentry","category-geral"],"_links":{"self":[{"href":"https:\/\/www.caririemacao.com\/1\/wp-json\/wp\/v2\/posts\/150998","targetHints":{"allow":["GET"]}}],"collection":[{"href":"https:\/\/www.caririemacao.com\/1\/wp-json\/wp\/v2\/posts"}],"about":[{"href":"https:\/\/www.caririemacao.com\/1\/wp-json\/wp\/v2\/types\/post"}],"author":[{"embeddable":true,"href":"https:\/\/www.caririemacao.com\/1\/wp-json\/wp\/v2\/users\/1"}],"replies":[{"embeddable":true,"href":"https:\/\/www.caririemacao.com\/1\/wp-json\/wp\/v2\/comments?post=150998"}],"version-history":[{"count":1,"href":"https:\/\/www.caririemacao.com\/1\/wp-json\/wp\/v2\/posts\/150998\/revisions"}],"predecessor-version":[{"id":151000,"href":"https:\/\/www.caririemacao.com\/1\/wp-json\/wp\/v2\/posts\/150998\/revisions\/151000"}],"wp:featuredmedia":[{"embeddable":true,"href":"https:\/\/www.caririemacao.com\/1\/wp-json\/wp\/v2\/media\/96478"}],"wp:attachment":[{"href":"https:\/\/www.caririemacao.com\/1\/wp-json\/wp\/v2\/media?parent=150998"}],"wp:term":[{"taxonomy":"category","embeddable":true,"href":"https:\/\/www.caririemacao.com\/1\/wp-json\/wp\/v2\/categories?post=150998"},{"taxonomy":"post_tag","embeddable":true,"href":"https:\/\/www.caririemacao.com\/1\/wp-json\/wp\/v2\/tags?post=150998"}],"curies":[{"name":"wp","href":"https:\/\/api.w.org\/{rel}","templated":true}]}}