{"id":151001,"date":"2020-02-03T07:09:45","date_gmt":"2020-02-03T10:09:45","guid":{"rendered":"http:\/\/www.caririemacao.com\/1\/?p=151001"},"modified":"2020-02-03T07:09:46","modified_gmt":"2020-02-03T10:09:46","slug":"br-230-idosa-morre-atropelada-em-frente-ao-posto-da-prf","status":"publish","type":"post","link":"https:\/\/www.caririemacao.com\/1\/2020\/02\/03\/br-230-idosa-morre-atropelada-em-frente-ao-posto-da-prf\/","title":{"rendered":"BR-230: idosa morre atropelada em frente ao posto da PRF"},"content":{"rendered":"\n<p>Uma mulher de aproximadamente 65 anos morreu ao ser atropelada na noite deste domingo (2), na BR-230, em frente ao posto da Pol\u00edcia Rodovi\u00e1ria Federal (PRF), em Bayeux, na regi\u00e3o metropolitana de Jo\u00e3o Pessoa.<\/p>\n\n\n\n<p>De acordo com a assessoria da PRF, o condutor do carro que atropelou a mulher permaneceu no local. Ele estava dirigindo um ve\u00edculo Chevrolet Meriva.<\/p>\n\n\n\n<p>A PRF acredita que a v\u00edtima seja moradora de do bairro Mutir\u00e3o, que fica pr\u00f3ximo ao local do acidente. At\u00e9 as 22h ela ainda estava sem identifica\u00e7\u00e3o.<\/p>\n\n\n\n<p>Ainda de acordo com a PRF, a pouca ilumina\u00e7\u00e3o no trecho da rodovia federal pode ter contribu\u00eddo para o atropelamento.<\/p>\n\n\n\n<p><strong>MaisPB<\/strong><\/p>\n","protected":false},"excerpt":{"rendered":"<p>Uma mulher de aproximadamente 65 anos morreu ao ser atropelada na noite deste domingo (2), na BR-230, em frente ao posto da Pol\u00edcia Rodovi\u00e1ria Federal&hellip; <\/p>\n","protected":false},"author":1,"featured_media":91920,"comment_status":"closed","ping_status":"closed","sticky":false,"template":"","format":"standard","meta":{"sfsi_plus_gutenberg_text_before_share":"","sfsi_plus_gutenberg_show_text_before_share":"","sfsi_plus_gutenberg_icon_type":"","sfsi_plus_gutenberg_icon_alignemt":"","sfsi_plus_gutenburg_max_per_row":"","footnotes":""},"categories":[12],"tags":[],"class_list":["post-151001","post","type-post","status-publish","format-standard","has-post-thumbnail","hentry","category-policia"],"_links":{"self":[{"href":"https:\/\/www.caririemacao.com\/1\/wp-json\/wp\/v2\/posts\/151001","targetHints":{"allow":["GET"]}}],"collection":[{"href":"https:\/\/www.caririemacao.com\/1\/wp-json\/wp\/v2\/posts"}],"about":[{"href":"https:\/\/www.caririemacao.com\/1\/wp-json\/wp\/v2\/types\/post"}],"author":[{"embeddable":true,"href":"https:\/\/www.caririemacao.com\/1\/wp-json\/wp\/v2\/users\/1"}],"replies":[{"embeddable":true,"href":"https:\/\/www.caririemacao.com\/1\/wp-json\/wp\/v2\/comments?post=151001"}],"version-history":[{"count":1,"href":"https:\/\/www.caririemacao.com\/1\/wp-json\/wp\/v2\/posts\/151001\/revisions"}],"predecessor-version":[{"id":151004,"href":"https:\/\/www.caririemacao.com\/1\/wp-json\/wp\/v2\/posts\/151001\/revisions\/151004"}],"wp:featuredmedia":[{"embeddable":true,"href":"https:\/\/www.caririemacao.com\/1\/wp-json\/wp\/v2\/media\/91920"}],"wp:attachment":[{"href":"https:\/\/www.caririemacao.com\/1\/wp-json\/wp\/v2\/media?parent=151001"}],"wp:term":[{"taxonomy":"category","embeddable":true,"href":"https:\/\/www.caririemacao.com\/1\/wp-json\/wp\/v2\/categories?post=151001"},{"taxonomy":"post_tag","embeddable":true,"href":"https:\/\/www.caririemacao.com\/1\/wp-json\/wp\/v2\/tags?post=151001"}],"curies":[{"name":"wp","href":"https:\/\/api.w.org\/{rel}","templated":true}]}}