{"id":151003,"date":"2020-02-03T07:11:11","date_gmt":"2020-02-03T10:11:11","guid":{"rendered":"http:\/\/www.caririemacao.com\/1\/?p=151003"},"modified":"2020-02-03T07:11:12","modified_gmt":"2020-02-03T10:11:12","slug":"atencao-concursos-abertos-na-paraiba-somam-mais-de-400-vagas","status":"publish","type":"post","link":"https:\/\/www.caririemacao.com\/1\/2020\/02\/03\/atencao-concursos-abertos-na-paraiba-somam-mais-de-400-vagas\/","title":{"rendered":"ATEN\u00c7\u00c3O: Concursos abertos na Para\u00edba somam mais de 400 vagas"},"content":{"rendered":"\n<p>Pelo menos 403 vagas s\u00e3o oferecidas em cinco editais de concursos e sele\u00e7\u00f5es publicados na Para\u00edba, nesta semana de 2 a 9 de fevereiro.<\/p>\n\n\n\n<h2 class=\"wp-block-heading\"><a href=\"https:\/\/g1.globo.com\/pb\/paraiba\/noticia\/2019\/12\/18\/concurso-da-prefeitura-de-mataraca-na-pb-reabre-inscricoes.ghtml\">Concurso da Prefeitura de Mataraca<\/a><\/h2>\n\n\n\n<ul class=\"wp-block-list\"><li><strong>Vagas:&nbsp;<\/strong>57<\/li><li><strong>N\u00edveis:&nbsp;<\/strong>todos<\/li><li><strong>Sal\u00e1rios:&nbsp;<\/strong>R$ 998 a R$ 11 mil<\/li><li><strong>Prazo de inscri\u00e7\u00e3o:<\/strong>&nbsp;at\u00e9 ter\u00e7a-feira (4)<\/li><li><strong>Local de inscri\u00e7\u00e3o:<\/strong>&nbsp;<a href=\"http:\/\/www.contemaxconsultoria.com.br\/\" target=\"_blank\" rel=\"noreferrer noopener\">site da organizadora, Contemax<\/a><\/li><li><strong>Taxas de inscri\u00e7\u00e3o:&nbsp;<\/strong>R$ 50 (fundamental), R$ 70 (m\u00e9dio e t\u00e9cnico) e R$ 100 (superior)<\/li><li><strong>Provas:&nbsp;<\/strong>1\u00ba de mar\u00e7o<\/li><li><a href=\"http:\/\/www.contemaxconsultoria.com.br\/site\/wp-content\/uploads\/2019\/10\/EDITAL-E-REGULAMENTO-17022019.pdf\" target=\"_blank\" rel=\"noreferrer noopener\">Edital do concurso da Prefeitura de Mataraca<\/a><\/li><\/ul>\n\n\n\n<h2 class=\"wp-block-heading\"><a href=\"https:\/\/g1.globo.com\/pb\/paraiba\/noticia\/2020\/01\/03\/edital-de-concurso-da-prefeitura-de-cabedelo-na-pb-e-divulgado.ghtml\">Concurso da Prefeitura de Cabedelo<\/a><\/h2>\n\n\n\n<ul class=\"wp-block-list\"><li><strong>Vagas:&nbsp;<\/strong>276<\/li><li><strong>N\u00edveis:<\/strong>&nbsp;m\u00e9dio, m\u00e9dio\/t\u00e9cnico e superior<\/li><li><strong>Sal\u00e1rios:&nbsp;<\/strong>R$ 1.039 a R$ 2.077,50 + gratifica\u00e7\u00f5es<\/li><li><strong>Prazo de inscri\u00e7\u00e3o:&nbsp;<\/strong>at\u00e9 9 de fevereiro<\/li><li><strong>Local de inscri\u00e7\u00e3o:&nbsp;<\/strong><a href=\"https:\/\/educapb.com.br\/cabedelo\/\" target=\"_blank\" rel=\"noreferrer noopener\">site da organizadora, Educapb<\/a><\/li><li><strong>Taxas de inscri\u00e7\u00e3o:&nbsp;<\/strong>R$ 15 (m\u00e9dio\/t\u00e9cnico), R$ 30 (m\u00e9dio) e R$ 40 (superior)<\/li><li><strong>Provas:&nbsp;<\/strong>8 de mar\u00e7o<\/li><li><a href=\"https:\/\/educapb.com.br\/wp-content\/uploads\/2020\/01\/Edital-de-Abertura-Cabedelo.pdfhttps:\/\/educapb.com.br\/wp-content\/uploads\/2020\/01\/Edital-de-Abertura-Cabedelo.pdf\" target=\"_blank\" rel=\"noreferrer noopener\">Edital do concurso da Prefeitura de Cabedelo<\/a><\/li><\/ul>\n\n\n\n<h2 class=\"wp-block-heading\"><a href=\"https:\/\/g1.globo.com\/pb\/paraiba\/noticia\/2020\/01\/10\/divulgado-edital-e-abertas-inscricoes-no-concurso-da-prefeitura-de-pedra-lavrada-pb.ghtml\">Concurso da Prefeitura de Pedra Lavrada<\/a><\/h2>\n\n\n\n<ul class=\"wp-block-list\"><li><strong>Vagas:<\/strong>&nbsp;36<\/li><li><strong>N\u00edveis:&nbsp;<\/strong>fundamental, m\u00e9dio e t\u00e9cnico<\/li><li><strong>Sal\u00e1rios:&nbsp;<\/strong>R$ 1.039 a R$ 2.523,94<\/li><li><strong>Prazo de inscri\u00e7\u00e3o:&nbsp;<\/strong>at\u00e9 10 de fevereiro<\/li><li><strong>Local de inscri\u00e7\u00e3o:<\/strong>&nbsp;<a href=\"http:\/\/www.contemaxconsultoria.com.br\/\" target=\"_blank\" rel=\"noreferrer noopener\">site da organizadora, Contemax<\/a><\/li><li><strong>Taxas de inscri\u00e7\u00e3o:<\/strong>&nbsp;R$ 60 (n\u00edvel fundamental), R$ 80 (n\u00edvel m\u00e9dio\/t\u00e9cnico) e R$ 100 (n\u00edvel superior)<\/li><li><strong>Provas:&nbsp;<\/strong>10 de mar\u00e7o<\/li><li><a href=\"http:\/\/www.contemaxconsultoria.com.br\/site\/wp-content\/uploads\/2020\/01\/EDITAL-E-REGULAMENTO-PEDRA-LAVRADA-.pdf\" target=\"_blank\" rel=\"noreferrer noopener\">Edital do concurso da Prefeitura de Pedra Lavrada<\/a><\/li><\/ul>\n\n\n\n<h2 class=\"wp-block-heading\"><a href=\"https:\/\/g1.globo.com\/pb\/paraiba\/noticia\/2020\/01\/22\/divulgado-edital-no-concurso-de-sao-jose-da-lagoa-tapada-pb.ghtml\">Concurso da prefeitura de S\u00e3o Jos\u00e9 da Lagoa Tapada<\/a><\/h2>\n\n\n\n<ul class=\"wp-block-list\"><li><strong>Vagas:<\/strong>&nbsp;23<\/li><li><strong>N\u00edveis:&nbsp;<\/strong>m\u00e9dio, t\u00e9cnico e superior<\/li><li><strong>Sal\u00e1rios:<\/strong>&nbsp;R$ 1.045 a R$ 5 mil<\/li><li><strong>Prazo de inscri\u00e7\u00e3o:<\/strong>&nbsp;at\u00e9 28 de fevereiro<\/li><li><strong>Local de inscri\u00e7\u00e3o:&nbsp;<\/strong><a href=\"http:\/\/www.facetconcursos.com.br\/\" target=\"_blank\" rel=\"noreferrer noopener\">site da organizadora, Facet concursos<\/a><\/li><li><strong>Taxas de inscri\u00e7\u00e3o:<\/strong>&nbsp;R$ 65,90 (m\u00e9dio e t\u00e9cnico) e R$ 90,50 (superior)<\/li><li><strong>Provas:&nbsp;<\/strong>29 de mar\u00e7o<\/li><li><a href=\"http:\/\/www.facetconcursos.com.br\/sjltapada\/edital.pdf\" target=\"_blank\" rel=\"noreferrer noopener\">Edital do concurso da prefeitura de S\u00e3o Jos\u00e9 da Lagoa Tapada<\/a><\/li><\/ul>\n\n\n\n<h2 class=\"wp-block-heading\"><a href=\"https:\/\/g1.globo.com\/pb\/paraiba\/noticia\/2020\/01\/24\/divulgado-edital-do-concurso-da-prefeitura-de-mamanguape-pb.ghtml\">Concurso da prefeitura de Mamanguape<\/a><\/h2>\n\n\n\n<ul class=\"wp-block-list\"><li><strong>Vagas:<\/strong>\u00a011<\/li><li><strong>N\u00edvel:<\/strong>\u00a0superior<\/li><li><strong>Sal\u00e1rios:<\/strong>\u00a0R$ 4 mil<\/li><li><strong>Prazo de inscri\u00e7\u00e3o:\u00a0<\/strong>at\u00e9 28 de fevereiro<\/li><li><strong>Local de inscri\u00e7\u00e3o:<\/strong>\u00a0<a rel=\"noreferrer noopener\" href=\"http:\/\/www.facetconcursos.com.br\/\" target=\"_blank\">site da organizadora, Facet concursos<\/a><\/li><li><strong>Taxas de inscri\u00e7\u00e3o:<\/strong>\u00a0R$ 95<\/li><li><strong>Provas:<\/strong>\u00a029 de mar\u00e7o<\/li><li><a rel=\"noreferrer noopener\" href=\"http:\/\/www.facetconcursos.com.br\/mamanguape\/edital.pdf\" target=\"_blank\">Edital do concurso da prefeitura de Mamanguape<\/a><\/li><\/ul>\n\n\n\n<p>Informa\u00e7\u00f5es: Vitrine do Cariri<\/p>\n","protected":false},"excerpt":{"rendered":"<p>Pelo menos 403 vagas s\u00e3o oferecidas em cinco editais de concursos e sele\u00e7\u00f5es publicados na Para\u00edba, nesta semana de 2 a 9 de fevereiro. Concurso&hellip; <\/p>\n","protected":false},"author":2,"featured_media":7913,"comment_status":"closed","ping_status":"closed","sticky":false,"template":"","format":"standard","meta":{"sfsi_plus_gutenberg_text_before_share":"","sfsi_plus_gutenberg_show_text_before_share":"","sfsi_plus_gutenberg_icon_type":"","sfsi_plus_gutenberg_icon_alignemt":"","sfsi_plus_gutenburg_max_per_row":"","footnotes":""},"categories":[50,14],"tags":[],"class_list":["post-151003","post","type-post","status-publish","format-standard","has-post-thumbnail","hentry","category-destaque","category-educacao"],"_links":{"self":[{"href":"https:\/\/www.caririemacao.com\/1\/wp-json\/wp\/v2\/posts\/151003","targetHints":{"allow":["GET"]}}],"collection":[{"href":"https:\/\/www.caririemacao.com\/1\/wp-json\/wp\/v2\/posts"}],"about":[{"href":"https:\/\/www.caririemacao.com\/1\/wp-json\/wp\/v2\/types\/post"}],"author":[{"embeddable":true,"href":"https:\/\/www.caririemacao.com\/1\/wp-json\/wp\/v2\/users\/2"}],"replies":[{"embeddable":true,"href":"https:\/\/www.caririemacao.com\/1\/wp-json\/wp\/v2\/comments?post=151003"}],"version-history":[{"count":1,"href":"https:\/\/www.caririemacao.com\/1\/wp-json\/wp\/v2\/posts\/151003\/revisions"}],"predecessor-version":[{"id":151010,"href":"https:\/\/www.caririemacao.com\/1\/wp-json\/wp\/v2\/posts\/151003\/revisions\/151010"}],"wp:featuredmedia":[{"embeddable":true,"href":"https:\/\/www.caririemacao.com\/1\/wp-json\/wp\/v2\/media\/7913"}],"wp:attachment":[{"href":"https:\/\/www.caririemacao.com\/1\/wp-json\/wp\/v2\/media?parent=151003"}],"wp:term":[{"taxonomy":"category","embeddable":true,"href":"https:\/\/www.caririemacao.com\/1\/wp-json\/wp\/v2\/categories?post=151003"},{"taxonomy":"post_tag","embeddable":true,"href":"https:\/\/www.caririemacao.com\/1\/wp-json\/wp\/v2\/tags?post=151003"}],"curies":[{"name":"wp","href":"https:\/\/api.w.org\/{rel}","templated":true}]}}