{"id":151007,"date":"2020-02-03T07:11:35","date_gmt":"2020-02-03T10:11:35","guid":{"rendered":"http:\/\/www.caririemacao.com\/1\/?p=151007"},"modified":"2020-02-03T07:11:36","modified_gmt":"2020-02-03T10:11:36","slug":"paraiba-recebe-mais-de-r-38-milhoes-em-recursos-do-fundeb-para-educacao","status":"publish","type":"post","link":"https:\/\/www.caririemacao.com\/1\/2020\/02\/03\/paraiba-recebe-mais-de-r-38-milhoes-em-recursos-do-fundeb-para-educacao\/","title":{"rendered":"Para\u00edba recebe mais de R$ 38 milh\u00f5es em recursos do Fundeb para educa\u00e7\u00e3o"},"content":{"rendered":"\n<p>A educa\u00e7\u00e3o do estado da Para\u00edba receber\u00e1 R$ 38.295.788,92, o recurso faz parte do repasse da Fundo de Manuten\u00e7\u00e3o e Desenvolvimento da Educa\u00e7\u00e3o B\u00e1sica e de Valoriza\u00e7\u00e3o dos Profissionais da Educa\u00e7\u00e3o (Fundeb). De acordo com os dados divulgados pela Confedera\u00e7\u00e3o Nacional dos Munic\u00edpios, o montate ser\u00e1 investido por meio de duas parcelas, o primeiro \u00e9 referente ainda ao ano de 2019. J\u00e1 o segundo repasse, faz parte do primeiro repasse da complementa\u00e7\u00e3o federal de 2020.<\/p>\n\n\n\n<p>As transfer\u00eancias federais do Fundeb acontecem a t\u00edtulo de complementa\u00e7\u00e3o. O investimento em todo o Brasil chega ao valor de R$ 4,5 bilh\u00f5es, os recursos devem ser pagos nesta sexta-feira (29).<\/p>\n\n\n\n<p>Na Para\u00edba, todos os munic\u00edpios receber\u00e3o recursos, Jo\u00e3o Pessoa lidera com R$ 3.049.566,96 em segundo, a cidade que mais ser\u00e1 beneficiada \u00e9 Campina Grande R$ 1.561.792,70, seguida por Santa Rita com R$ 718.841,47 e Patos, que receber\u00e1 R$ 457.754,34.<\/p>\n\n\n\n<p>O Fundeb \u00e9 um fundo especial formado entre outras coisas, por recursos oriundos de impostos e transfer\u00eancias constitucionais dos estados, Distrito Federal e munic\u00edpios, que s\u00e3o destinados \u00e0 educa\u00e7\u00e3o b\u00e1sica. Os valores recebidos por cada ente da Federa\u00e7\u00e3o s\u00e3o calculados conforme o n\u00famero de estudantes matriculados nas escolas p\u00fablicas, \u00e9 levado em considera\u00e7\u00e3o o valor a ser aplicado por cada aluno.<\/p>\n\n\n\n<p>Mais PB <\/p>\n","protected":false},"excerpt":{"rendered":"<p>A educa\u00e7\u00e3o do estado da Para\u00edba receber\u00e1 R$ 38.295.788,92, o recurso faz parte do repasse da Fundo de Manuten\u00e7\u00e3o e Desenvolvimento da Educa\u00e7\u00e3o B\u00e1sica e&hellip; <\/p>\n","protected":false},"author":1,"featured_media":151011,"comment_status":"closed","ping_status":"closed","sticky":false,"template":"","format":"standard","meta":{"sfsi_plus_gutenberg_text_before_share":"","sfsi_plus_gutenberg_show_text_before_share":"","sfsi_plus_gutenberg_icon_type":"","sfsi_plus_gutenberg_icon_alignemt":"","sfsi_plus_gutenburg_max_per_row":"","footnotes":""},"categories":[50,2],"tags":[],"class_list":["post-151007","post","type-post","status-publish","format-standard","has-post-thumbnail","hentry","category-destaque","category-geral"],"_links":{"self":[{"href":"https:\/\/www.caririemacao.com\/1\/wp-json\/wp\/v2\/posts\/151007","targetHints":{"allow":["GET"]}}],"collection":[{"href":"https:\/\/www.caririemacao.com\/1\/wp-json\/wp\/v2\/posts"}],"about":[{"href":"https:\/\/www.caririemacao.com\/1\/wp-json\/wp\/v2\/types\/post"}],"author":[{"embeddable":true,"href":"https:\/\/www.caririemacao.com\/1\/wp-json\/wp\/v2\/users\/1"}],"replies":[{"embeddable":true,"href":"https:\/\/www.caririemacao.com\/1\/wp-json\/wp\/v2\/comments?post=151007"}],"version-history":[{"count":1,"href":"https:\/\/www.caririemacao.com\/1\/wp-json\/wp\/v2\/posts\/151007\/revisions"}],"predecessor-version":[{"id":151012,"href":"https:\/\/www.caririemacao.com\/1\/wp-json\/wp\/v2\/posts\/151007\/revisions\/151012"}],"wp:featuredmedia":[{"embeddable":true,"href":"https:\/\/www.caririemacao.com\/1\/wp-json\/wp\/v2\/media\/151011"}],"wp:attachment":[{"href":"https:\/\/www.caririemacao.com\/1\/wp-json\/wp\/v2\/media?parent=151007"}],"wp:term":[{"taxonomy":"category","embeddable":true,"href":"https:\/\/www.caririemacao.com\/1\/wp-json\/wp\/v2\/categories?post=151007"},{"taxonomy":"post_tag","embeddable":true,"href":"https:\/\/www.caririemacao.com\/1\/wp-json\/wp\/v2\/tags?post=151007"}],"curies":[{"name":"wp","href":"https:\/\/api.w.org\/{rel}","templated":true}]}}