{"id":151020,"date":"2020-02-03T07:19:11","date_gmt":"2020-02-03T10:19:11","guid":{"rendered":"http:\/\/www.caririemacao.com\/1\/?p=151020"},"modified":"2020-02-03T07:19:12","modified_gmt":"2020-02-03T10:19:12","slug":"joao-azevedo-promove-138-policiais-militares-nesta-segunda-feira","status":"publish","type":"post","link":"https:\/\/www.caririemacao.com\/1\/2020\/02\/03\/joao-azevedo-promove-138-policiais-militares-nesta-segunda-feira\/","title":{"rendered":"Jo\u00e3o Azev\u00eado promove 138 policiais militares nesta segunda-feira"},"content":{"rendered":"\n<p>O governador Jo\u00e3o Azev\u00eado divulgou na \u00faltima sexta-feira (31),&nbsp; uma lista com 138&nbsp;policiais militares que ser\u00e3o promovidos. A solenidade acontece&nbsp;nesta segunda-feira (3), data de anivers\u00e1rio dos 188 anos da corpora\u00e7\u00e3o, a partir das 11h,&nbsp;no sal\u00e3o de entrada do Quartel do Comando-Geral (QCG), em Jo\u00e3o Pessoa.<\/p>\n\n\n\n<p>Os policiais ser\u00e3o promovidos da qualifica\u00e7\u00e3o de pra\u00e7as, sendo 26 profissionais promovidos a subtenente, 82 a 1\u00ba sargento e 30 a 2\u00ba sargento.&nbsp;<\/p>\n\n\n\n<p>A autoriza\u00e7\u00e3o assinada pelo governador Jo\u00e3o Azev\u00eado foi ve\u00edculada no boletim interno da Corpora\u00e7\u00e3o, por ato do comandante-geral da PM, coronel Euller Chaves. Com essas promo\u00e7\u00f5es, j\u00e1 s\u00e3o 978 policiais militares promovidos desde janeiro do ano passado, sendo 133 oficiais e 845 pra\u00e7as. As gradua\u00e7\u00f5es das pra\u00e7as mais contempladas com promo\u00e7\u00f5es at\u00e9 agora foram as de cabo e 3\u00ba sargento.&nbsp;<\/p>\n\n\n\n<p>Com mais essa decis\u00e3o, o governador atinge a marca de quase mil promo\u00e7\u00f5es na PM, desde janeiro do ano passado.Al\u00e9m disso, os policiais dos Cursos de Forma\u00e7\u00e3o de Sargentos (CFS), sele\u00e7\u00e3o interna que vem formando turmas anualmente, tamb\u00e9m v\u00eam sendo promovidos, a exemplo da promo\u00e7\u00e3o desta sexta-feira (31), que traz a ascens\u00e3o de 30 profissionais \u00e0 gradua\u00e7\u00e3o de 2\u00ba sargento.<\/p>\n\n\n\n<p>A confraterniza\u00e7\u00e3o conta com a presen\u00e7a do comandante-geral e demais comandantes de unidades operacionais.<\/p>\n","protected":false},"excerpt":{"rendered":"<p>O governador Jo\u00e3o Azev\u00eado divulgou na \u00faltima sexta-feira (31),&nbsp; uma lista com 138&nbsp;policiais militares que ser\u00e3o promovidos. A solenidade acontece&nbsp;nesta segunda-feira (3), data de anivers\u00e1rio&hellip; <\/p>\n","protected":false},"author":1,"featured_media":151021,"comment_status":"closed","ping_status":"closed","sticky":false,"template":"","format":"standard","meta":{"sfsi_plus_gutenberg_text_before_share":"","sfsi_plus_gutenberg_show_text_before_share":"","sfsi_plus_gutenberg_icon_type":"","sfsi_plus_gutenberg_icon_alignemt":"","sfsi_plus_gutenburg_max_per_row":"","footnotes":""},"categories":[12],"tags":[],"class_list":["post-151020","post","type-post","status-publish","format-standard","has-post-thumbnail","hentry","category-policia"],"_links":{"self":[{"href":"https:\/\/www.caririemacao.com\/1\/wp-json\/wp\/v2\/posts\/151020","targetHints":{"allow":["GET"]}}],"collection":[{"href":"https:\/\/www.caririemacao.com\/1\/wp-json\/wp\/v2\/posts"}],"about":[{"href":"https:\/\/www.caririemacao.com\/1\/wp-json\/wp\/v2\/types\/post"}],"author":[{"embeddable":true,"href":"https:\/\/www.caririemacao.com\/1\/wp-json\/wp\/v2\/users\/1"}],"replies":[{"embeddable":true,"href":"https:\/\/www.caririemacao.com\/1\/wp-json\/wp\/v2\/comments?post=151020"}],"version-history":[{"count":1,"href":"https:\/\/www.caririemacao.com\/1\/wp-json\/wp\/v2\/posts\/151020\/revisions"}],"predecessor-version":[{"id":151022,"href":"https:\/\/www.caririemacao.com\/1\/wp-json\/wp\/v2\/posts\/151020\/revisions\/151022"}],"wp:featuredmedia":[{"embeddable":true,"href":"https:\/\/www.caririemacao.com\/1\/wp-json\/wp\/v2\/media\/151021"}],"wp:attachment":[{"href":"https:\/\/www.caririemacao.com\/1\/wp-json\/wp\/v2\/media?parent=151020"}],"wp:term":[{"taxonomy":"category","embeddable":true,"href":"https:\/\/www.caririemacao.com\/1\/wp-json\/wp\/v2\/categories?post=151020"},{"taxonomy":"post_tag","embeddable":true,"href":"https:\/\/www.caririemacao.com\/1\/wp-json\/wp\/v2\/tags?post=151020"}],"curies":[{"name":"wp","href":"https:\/\/api.w.org\/{rel}","templated":true}]}}