{"id":151024,"date":"2020-02-03T07:21:15","date_gmt":"2020-02-03T10:21:15","guid":{"rendered":"http:\/\/www.caririemacao.com\/1\/?p=151024"},"modified":"2020-02-03T07:21:16","modified_gmt":"2020-02-03T10:21:16","slug":"bolsonaro-anuncia-fabrica-que-extrai-agua-do-ar","status":"publish","type":"post","link":"https:\/\/www.caririemacao.com\/1\/2020\/02\/03\/bolsonaro-anuncia-fabrica-que-extrai-agua-do-ar\/","title":{"rendered":"Bolsonaro anuncia f\u00e1brica \u201cque extra\u00ed \u00e1gua do ar\u201d"},"content":{"rendered":"\n<p>\u201cF\u00e1brica israelense que extrai \u00e1gua do ar ser\u00e1 constru\u00edda no Brasil.\u201d O an\u00fancio \u00e9 do presidente Jair Bolsonaro, feito&nbsp;<a href=\"https:\/\/twitter.com\/jairbolsonaro\/status\/1223976902043537408?ref_src=twsrc%5Etfw%7Ctwcamp%5Etweetembed%7Ctwterm%5E1223976902043537408&amp;ref_url=http%3A%2F%2Fagenciabrasil.ebc.com.br%2Fgeral%2Fnoticia%2F2020-02%2Fbolsonaro-anuncia-fabrica-que-extrai-agua-do-ar\">pelo Twitter<\/a>.&nbsp; Segundo ele, a iniciativa \u00e9 \u201cmais uma via de enfrentamento da falta de \u00e1gua no Nordeste, al\u00e9m da dessaliniza\u00e7\u00e3o, po\u00e7os artesianos e [Rio] S\u00e3o Francisco.\u201d<\/p>\n\n\n\n<p>Al\u00e9m de \u00e1gua, o presidente da Rep\u00fablica acredita que \u201co empreendimento tamb\u00e9m criar\u00e1 empregos e desenvolvimento da regi\u00e3o.\u201d<\/p>\n\n\n\n<figure class=\"wp-block-image\"><img decoding=\"async\" data-src=\"https:\/\/www.clickpb.com.br\/media\/filer_public\/71\/46\/71465c41-a89b-433f-99f5-8ae19605158e\/screenshot_3.jpg\" alt=\"\" src=\"data:image\/svg+xml;base64,PHN2ZyB3aWR0aD0iMSIgaGVpZ2h0PSIxIiB4bWxucz0iaHR0cDovL3d3dy53My5vcmcvMjAwMC9zdmciPjwvc3ZnPg==\" class=\"lazyload\" \/><\/figure>\n\n\n\n<p>Parcerias com Israel para melhorar o abastecimento de \u00e1gua na regi\u00e3o Nordeste \u00e9 defendida por Jair Bolsonaro desde a transi\u00e7\u00e3o para o seu governo. H\u00e1 um ano, o ministro Marcos Pontes (Ci\u00eancia, Tecnologia, Inova\u00e7\u00f5es e Comunica\u00e7\u00f5es) viajou para Israel com equipe de t\u00e9cnicos para conhecer experi\u00eancias de reuso e dessaliniza\u00e7\u00e3o de \u00e1gua.<\/p>\n\n\n\n<p>Em novembro do ano passado, t\u00e9cnicos e dirigentes da Ag\u00eancia Nacional de \u00c1guas estiveram em Israel para discutir memorando de entendimento sobre gest\u00e3o de recursos h\u00eddricos, \u00e1guas residu\u00e1rias, gerenciamento de esgotos, al\u00e9m de reuso e dessaliniza\u00e7\u00e3o de \u00e1gua.<\/p>\n","protected":false},"excerpt":{"rendered":"<p>\u201cF\u00e1brica israelense que extrai \u00e1gua do ar ser\u00e1 constru\u00edda no Brasil.\u201d O an\u00fancio \u00e9 do presidente Jair Bolsonaro, feito&nbsp;pelo Twitter.&nbsp; Segundo ele, a iniciativa \u00e9&hellip; <\/p>\n","protected":false},"author":1,"featured_media":150527,"comment_status":"closed","ping_status":"closed","sticky":false,"template":"","format":"standard","meta":{"sfsi_plus_gutenberg_text_before_share":"","sfsi_plus_gutenberg_show_text_before_share":"","sfsi_plus_gutenberg_icon_type":"","sfsi_plus_gutenberg_icon_alignemt":"","sfsi_plus_gutenburg_max_per_row":"","footnotes":""},"categories":[50,11],"tags":[],"class_list":["post-151024","post","type-post","status-publish","format-standard","has-post-thumbnail","hentry","category-destaque","category-politica"],"_links":{"self":[{"href":"https:\/\/www.caririemacao.com\/1\/wp-json\/wp\/v2\/posts\/151024","targetHints":{"allow":["GET"]}}],"collection":[{"href":"https:\/\/www.caririemacao.com\/1\/wp-json\/wp\/v2\/posts"}],"about":[{"href":"https:\/\/www.caririemacao.com\/1\/wp-json\/wp\/v2\/types\/post"}],"author":[{"embeddable":true,"href":"https:\/\/www.caririemacao.com\/1\/wp-json\/wp\/v2\/users\/1"}],"replies":[{"embeddable":true,"href":"https:\/\/www.caririemacao.com\/1\/wp-json\/wp\/v2\/comments?post=151024"}],"version-history":[{"count":1,"href":"https:\/\/www.caririemacao.com\/1\/wp-json\/wp\/v2\/posts\/151024\/revisions"}],"predecessor-version":[{"id":151025,"href":"https:\/\/www.caririemacao.com\/1\/wp-json\/wp\/v2\/posts\/151024\/revisions\/151025"}],"wp:featuredmedia":[{"embeddable":true,"href":"https:\/\/www.caririemacao.com\/1\/wp-json\/wp\/v2\/media\/150527"}],"wp:attachment":[{"href":"https:\/\/www.caririemacao.com\/1\/wp-json\/wp\/v2\/media?parent=151024"}],"wp:term":[{"taxonomy":"category","embeddable":true,"href":"https:\/\/www.caririemacao.com\/1\/wp-json\/wp\/v2\/categories?post=151024"},{"taxonomy":"post_tag","embeddable":true,"href":"https:\/\/www.caririemacao.com\/1\/wp-json\/wp\/v2\/tags?post=151024"}],"curies":[{"name":"wp","href":"https:\/\/api.w.org\/{rel}","templated":true}]}}