{"id":151026,"date":"2020-02-03T07:26:54","date_gmt":"2020-02-03T10:26:54","guid":{"rendered":"http:\/\/www.caririemacao.com\/1\/?p=151026"},"modified":"2020-02-03T07:26:55","modified_gmt":"2020-02-03T10:26:55","slug":"brasileiros-na-china-pedem-a-bolsonaro-que-sejam-retirados-do-pais","status":"publish","type":"post","link":"https:\/\/www.caririemacao.com\/1\/2020\/02\/03\/brasileiros-na-china-pedem-a-bolsonaro-que-sejam-retirados-do-pais\/","title":{"rendered":"Brasileiros na China pedem a Bolsonaro que sejam retirados do pa\u00eds"},"content":{"rendered":"\n<p> Um grupo de brasileiros na China fez um apelo ao governo de Jair Bolsonaro para a retirada de cidad\u00e3os do pa\u00eds afetado pelo surto do coronav\u00edrus.<\/p>\n\n\n\n<p>Na carta-aberta, gravada em um v\u00eddeo publicado no YouTube na manh\u00e3 deste domingo, 2, eles lembram as opera\u00e7\u00f5es de evacua\u00e7\u00e3o j\u00e1 feitas por diversos pa\u00edses e dizem estar dispostos a passar pelo per\u00edodo de quarentena fora do territ\u00f3rio brasileiro. A carta-aberta \u00e9 datada de 30 de janeiro, e todos os que assinam a carta s\u00e3o residentes \u2014alguns ainda est\u00e3o em Wuhan, na prov\u00edncia de Hubei, epicentro do surto, e outros j\u00e1 deixaram a regi\u00e3o.<\/p>\n\n\n\n<p>&#8220;N\u00f3s somos homens, mulheres e crian\u00e7as de v\u00e1rios estados e regi\u00f5es do Brasil. Estudantes e trabalhadores, indiv\u00edduos e fam\u00edlias de brasileiros na China&#8221;, diz um dos brasileiros no v\u00eddeo. &#8220;No momento em que essa carta est\u00e1 sendo escrita, n\u00e3o h\u00e1, entre n\u00f3s, quaisquer casos de contamina\u00e7\u00e3o comprovada ou at\u00e9 mesmo sintomas de infec\u00e7\u00e3o por coronav\u00edrus&#8221;, afirma outro. Todos os brasileiros terminam o v\u00eddeo dizendo: &#8220;Brasil, casa de todos n\u00f3s&#8221;.<\/p>\n\n\n\n<figure><iframe data-src=\"https:\/\/www.youtube.com\/embed\/CEQeOGhZDaU\" allowfullscreen=\"\" src=\"data:image\/svg+xml;base64,PHN2ZyB3aWR0aD0iMSIgaGVpZ2h0PSIxIiB4bWxucz0iaHR0cDovL3d3dy53My5vcmcvMjAwMC9zdmciPjwvc3ZnPg==\" class=\"lazyload\" data-load-mode=\"1\"><\/iframe><\/figure>\n\n\n\n<p>Questionado neste domingo, 2, pela BBC News Brasil, o Pal\u00e1cio do Planalto informou que n\u00e3o comentar\u00e1 sobre o v\u00eddeo.<\/p>\n\n\n\n<p>O presidente Jair Bolsonaro vem at\u00e9 agora descartando a possibilidade de repatria\u00e7\u00e3o dos brasileiros. Nesta sexta, 31, ele afirmou que o governo estuda estrat\u00e9gias para buscar esses brasileiros que vivem na China e querem retornar ao Brasil. Mas, segundo ele, \u00e9 preciso antes resolver entraves diplom\u00e1ticos, jur\u00eddicos e or\u00e7ament\u00e1rios. O presidente se reuniu na sexta, 31, com ministros no Pal\u00e1cio da Alvorada, em Bras\u00edlia, para discutir estrat\u00e9gias e a situa\u00e7\u00e3o de brasileiros nessas \u00e1reas de risco na China.<\/p>\n\n\n\n<p>O grupo de brasileiros, que se reveza no v\u00eddeo lendo trechos da carta-aberta, lembra tamb\u00e9m da colabora\u00e7\u00e3o log\u00edstica que o governo chin\u00eas tem oferecido a essas opera\u00e7\u00f5es, j\u00e1 conduzidas por pa\u00edses como Estados Unidos, Reino Unido, Austr\u00e1lia, entre outros. O per\u00edodo de quarentena, uma vez fora do territ\u00f3rio chin\u00eas, tem sido de 14 dias, tempo considerado m\u00e1ximo para que sintomas possam se manifestar.<\/p>\n\n\n\n<p>Uma das raz\u00f5es pelas quais o governo brasileiro n\u00e3o estaria organizando a retirada de brasileiros seria a falta de legisla\u00e7\u00e3o espec\u00edfica para determinar a quarentena dos brasileiros em territ\u00f3rio nacional ap\u00f3s o desembarque. &#8220;N\u00f3s n\u00e3o temos uma lei de quarentena. Ao trazer brasileiros para c\u00e1, nossa ideia obviamente era colocar em local para quarentena, mas qualquer a\u00e7\u00e3o judicial tira de l\u00e1 e a\u00ed seria uma irresponsabilidade&#8221;, disse Bolsonaro.<\/p>\n\n\n\n<p>No v\u00eddeo, no entanto, os brasileiros mencionam que estariam dispostos a cumprir o per\u00edodo em um local seguro fora do Brasil.<\/p>\n\n\n\n<p>O presidente brasileiro tamb\u00e9m mencionou os custos envolvidos em uma opera\u00e7\u00e3o de repatriamento de brasileiros. A jornalistas, afirmou que um voo fretado pode custar at\u00e9 US$ 500 mil (R$ 2,1 milh\u00f5es). &#8220;Pode ser pequeno para o tamanho do or\u00e7amento brasileiro, mas precisa de aprova\u00e7\u00e3o do Congresso&#8221;, disse.<\/p>\n\n\n\n<p>Evacua\u00e7\u00f5es<\/p>\n\n\n\n<p>Com o agravamento da situa\u00e7\u00e3o provocada pelo coronav\u00edrus, o governo chin\u00eas decretou uma esp\u00e9cie de quarentena na regi\u00e3o de Wuhan, onde surgiram os primeiros casos de complica\u00e7\u00f5es pelo novo v\u00edrus no in\u00edcio de dezembro de 2019. N\u00e3o \u00e9 poss\u00edvel deixar a regi\u00e3o sem autoriza\u00e7\u00e3o expressa do governo, que tem sido concedida a cidad\u00e3os estrangeiros parte de programas de evacua\u00e7\u00e3o de cidad\u00e3os.<\/p>\n\n\n\n<p>Isso seria um entrave diplom\u00e1tico, segundo o ministro das Rela\u00e7\u00f5es Exteriores, Ernesto Ara\u00fajo, que \u00e9 citado no v\u00eddeo dos brasileiros. &#8220;\u00c9 preciso negociar com o governo chin\u00eas primeiro, para que deixe sair os brasileiros, mas n\u00e3o \u00e9 uma coisa \u00f3bvia e imediata tamb\u00e9m&#8221;, disse. Nos \u00faltimos dias, pa\u00edses como Alemanha, Austr\u00e1lia, Coreia do Sul, Estados Unidos, Espanha, Filipinas, Fran\u00e7a, \u00cdndia, Reino Unido e Jap\u00e3o j\u00e1 retiraram seus cidad\u00e3os da China ou iniciaram tr\u00e2mites para faz\u00ea-lo.<\/p>\n\n\n\n<p>Neste domingo, 2, por exemplo, 11 cidad\u00e3os brit\u00e2nicos voar\u00e3o da China para a Fran\u00e7a e, da Fran\u00e7a, para o Reino Unido. V\u00e3o se juntar a outros 83 cidad\u00e3os do pa\u00eds que foram evacuados e est\u00e3o em quarentena. Cerca de 100 cidad\u00e3os alem\u00e3es tamb\u00e9m foram levados para a casa.<\/p>\n\n\n\n<p>Os Estados Unidos evacuaram 195 cidad\u00e3os americanos, que foram colocados em quarentena em uma base militar na Calif\u00f3rnia \u2014uma das quatro bases no pa\u00eds providenciadas para tanto, com 250 quartos cada.<\/p>\n\n\n\n<p>O Paquist\u00e3o \u00e9 um dos pa\u00edses que n\u00e3o est\u00e1 evacuando seus cidad\u00e3os da China. Segundo autoridades do pa\u00eds, regula\u00e7\u00f5es de quarentena impedem que evacuem mais de 500 paquistaneses que est\u00e3o na regi\u00e3o. J\u00e1 os vizinhos Bangladesh e \u00cdndia est\u00e3o trabalhando para retirar os cidad\u00e3os do pa\u00eds. A \u00cdndia j\u00e1 evacuou 300 pessoas.<\/p>\n\n\n\n<p>Mortes<\/p>\n\n\n\n<p>At\u00e9 agora e desde a primeira identifica\u00e7\u00e3o do v\u00edrus, em dezembro, mais de 300 pessoas morreram por causa da doen\u00e7a \u2014a maioria das pessoas estavam na prov\u00edncia onde fica Wuhan, Hubei. Mais de 14 mil pessoas foram infectadas. Esse novo v\u00edrus, contudo, se espalha mais r\u00e1pido, mas mata menos do que os da SARS, que causou um surto na China em 2002 e 2003, e que o H1N1.<\/p>\n\n\n\n<p>Neste domingo, 2, a primeira morte fora da China foi confirmada: um homem de 44 anos morreu nas Filipinas ap\u00f3s ser infectado. Segundo a OMS (Organiza\u00e7\u00e3o Mundial de Sa\u00fade), ele n\u00e3o foi infectado dentro do pa\u00eds. Ele havia viajado de Wuhan \u00e0s Filipinas via Hong Kong.<\/p>\n\n\n\n<p>No Brasil, segundo dados do Minist\u00e9rio da Sa\u00fade, existem 16 casos suspeitos. Nenhum foi confirmado.<\/p>\n\n\n\n<p>Click PB <\/p>\n","protected":false},"excerpt":{"rendered":"<p>Um grupo de brasileiros na China fez um apelo ao governo de Jair Bolsonaro para a retirada de cidad\u00e3os do pa\u00eds afetado pelo surto do&hellip; <\/p>\n","protected":false},"author":1,"featured_media":151027,"comment_status":"closed","ping_status":"closed","sticky":false,"template":"","format":"standard","meta":{"sfsi_plus_gutenberg_text_before_share":"","sfsi_plus_gutenberg_show_text_before_share":"","sfsi_plus_gutenberg_icon_type":"","sfsi_plus_gutenberg_icon_alignemt":"","sfsi_plus_gutenburg_max_per_row":"","footnotes":""},"categories":[2],"tags":[],"class_list":["post-151026","post","type-post","status-publish","format-standard","has-post-thumbnail","hentry","category-geral"],"_links":{"self":[{"href":"https:\/\/www.caririemacao.com\/1\/wp-json\/wp\/v2\/posts\/151026","targetHints":{"allow":["GET"]}}],"collection":[{"href":"https:\/\/www.caririemacao.com\/1\/wp-json\/wp\/v2\/posts"}],"about":[{"href":"https:\/\/www.caririemacao.com\/1\/wp-json\/wp\/v2\/types\/post"}],"author":[{"embeddable":true,"href":"https:\/\/www.caririemacao.com\/1\/wp-json\/wp\/v2\/users\/1"}],"replies":[{"embeddable":true,"href":"https:\/\/www.caririemacao.com\/1\/wp-json\/wp\/v2\/comments?post=151026"}],"version-history":[{"count":1,"href":"https:\/\/www.caririemacao.com\/1\/wp-json\/wp\/v2\/posts\/151026\/revisions"}],"predecessor-version":[{"id":151028,"href":"https:\/\/www.caririemacao.com\/1\/wp-json\/wp\/v2\/posts\/151026\/revisions\/151028"}],"wp:featuredmedia":[{"embeddable":true,"href":"https:\/\/www.caririemacao.com\/1\/wp-json\/wp\/v2\/media\/151027"}],"wp:attachment":[{"href":"https:\/\/www.caririemacao.com\/1\/wp-json\/wp\/v2\/media?parent=151026"}],"wp:term":[{"taxonomy":"category","embeddable":true,"href":"https:\/\/www.caririemacao.com\/1\/wp-json\/wp\/v2\/categories?post=151026"},{"taxonomy":"post_tag","embeddable":true,"href":"https:\/\/www.caririemacao.com\/1\/wp-json\/wp\/v2\/tags?post=151026"}],"curies":[{"name":"wp","href":"https:\/\/api.w.org\/{rel}","templated":true}]}}