{"id":151030,"date":"2020-02-03T07:29:29","date_gmt":"2020-02-03T10:29:29","guid":{"rendered":"http:\/\/www.caririemacao.com\/1\/?p=151030"},"modified":"2020-02-03T07:29:30","modified_gmt":"2020-02-03T10:29:30","slug":"menina-de-15-anos-morre-com-tiro-na-cabeca-ao-ser-confundida-com-policial","status":"publish","type":"post","link":"https:\/\/www.caririemacao.com\/1\/2020\/02\/03\/menina-de-15-anos-morre-com-tiro-na-cabeca-ao-ser-confundida-com-policial\/","title":{"rendered":"Menina de 15 anos morre com tiro na cabe\u00e7a ao ser confundida com policial"},"content":{"rendered":"\n<p>Uma adolescente de 15 anos morreu ap\u00f3s ser atingida por um tiro na cabe\u00e7a, supostamente efetuado por criminoso, no bairro Bom Retiro, em Santos (72 km de SP), na noite de sexta-feira (31).<\/p>\n\n\n\n<p>Segundo a SSP (Secretaria de Seguran\u00e7a P\u00fablica), uma testemunha relatou \u00e0 Pol\u00edcia Militar que a v\u00edtima foi confundida com policiais ao ativar o flash da c\u00e2mera de seu celular para fazer uma foto com um grupo de pessoas em uma \u00e1rea considerada perigosa.<\/p>\n\n\n\n<p>Segundo a PM, foram disparados pelo menos cinco vezes na dire\u00e7\u00e3o da adolescente e um dos tiros acertou a cabe\u00e7a da menina.<\/p>\n\n\n\n<p>Um morador socorreu a v\u00edtima e a levou para UPA (Unidade de Pronto Atendimento) da zona noroeste, onde foi encaminhada para Santa Casa e morreu.&nbsp;<\/p>\n\n\n\n<p>O caso foi registrado como homic\u00eddio simples na CPJ (Central de Pol\u00edcia Judici\u00e1ria) e ser\u00e1 encaminhado ao 5\u00ba DP de Santos, respons\u00e1vel pela \u00e1rea. Foi solicitado exame necrosc\u00f3pico para v\u00edtima. At\u00e9 a conclus\u00e3o desta reportagem ningu\u00e9m havia sido preso. A Pol\u00edcia Civil investiga o caso.<\/p>\n\n\n\n<p>Click PB <\/p>\n","protected":false},"excerpt":{"rendered":"<p>Uma adolescente de 15 anos morreu ap\u00f3s ser atingida por um tiro na cabe\u00e7a, supostamente efetuado por criminoso, no bairro Bom Retiro, em Santos (72&hellip; <\/p>\n","protected":false},"author":1,"featured_media":151031,"comment_status":"closed","ping_status":"closed","sticky":false,"template":"","format":"standard","meta":{"sfsi_plus_gutenberg_text_before_share":"","sfsi_plus_gutenberg_show_text_before_share":"","sfsi_plus_gutenberg_icon_type":"","sfsi_plus_gutenberg_icon_alignemt":"","sfsi_plus_gutenburg_max_per_row":"","footnotes":""},"categories":[12],"tags":[],"class_list":["post-151030","post","type-post","status-publish","format-standard","has-post-thumbnail","hentry","category-policia"],"_links":{"self":[{"href":"https:\/\/www.caririemacao.com\/1\/wp-json\/wp\/v2\/posts\/151030","targetHints":{"allow":["GET"]}}],"collection":[{"href":"https:\/\/www.caririemacao.com\/1\/wp-json\/wp\/v2\/posts"}],"about":[{"href":"https:\/\/www.caririemacao.com\/1\/wp-json\/wp\/v2\/types\/post"}],"author":[{"embeddable":true,"href":"https:\/\/www.caririemacao.com\/1\/wp-json\/wp\/v2\/users\/1"}],"replies":[{"embeddable":true,"href":"https:\/\/www.caririemacao.com\/1\/wp-json\/wp\/v2\/comments?post=151030"}],"version-history":[{"count":1,"href":"https:\/\/www.caririemacao.com\/1\/wp-json\/wp\/v2\/posts\/151030\/revisions"}],"predecessor-version":[{"id":151032,"href":"https:\/\/www.caririemacao.com\/1\/wp-json\/wp\/v2\/posts\/151030\/revisions\/151032"}],"wp:featuredmedia":[{"embeddable":true,"href":"https:\/\/www.caririemacao.com\/1\/wp-json\/wp\/v2\/media\/151031"}],"wp:attachment":[{"href":"https:\/\/www.caririemacao.com\/1\/wp-json\/wp\/v2\/media?parent=151030"}],"wp:term":[{"taxonomy":"category","embeddable":true,"href":"https:\/\/www.caririemacao.com\/1\/wp-json\/wp\/v2\/categories?post=151030"},{"taxonomy":"post_tag","embeddable":true,"href":"https:\/\/www.caririemacao.com\/1\/wp-json\/wp\/v2\/tags?post=151030"}],"curies":[{"name":"wp","href":"https:\/\/api.w.org\/{rel}","templated":true}]}}