{"id":151044,"date":"2020-02-03T07:41:56","date_gmt":"2020-02-03T10:41:56","guid":{"rendered":"http:\/\/www.caririemacao.com\/1\/?p=151044"},"modified":"2020-02-03T07:42:02","modified_gmt":"2020-02-03T10:42:02","slug":"governador-participa-de-assinatura-de-contratos-do-empreender-pb","status":"publish","type":"post","link":"https:\/\/www.caririemacao.com\/1\/2020\/02\/03\/governador-participa-de-assinatura-de-contratos-do-empreender-pb\/","title":{"rendered":"Governador participa de assinatura de contratos do Empreender PB"},"content":{"rendered":"\n<p>O governador Jo\u00e3o Azev\u00eado participou, nesse s\u00e1bado (1\u00b0), da solenidade de assinatura de&nbsp;contratos do Programa&nbsp;Empreender&nbsp;Para\u00edba, que destinou investimentos de aproximadamente&nbsp;R$ 1&nbsp;milh\u00e3o a cerca de 140 empreendedores de Jo\u00e3o Pessoa.<\/p>\n\n\n\n<p>&nbsp;O evento foi realizado nas instala\u00e7\u00f5es do 31\u00ba Sal\u00e3o do Artesanato da Para\u00edba, na orla da Capital paraibana, oportunidade em que o gestor fez a entrega do certificado de participa\u00e7\u00e3o a um dos artes\u00e3os homenageados nesta edi\u00e7\u00e3o da feira, cujo tema \u00e9 \u201cMetal que vira arte\u201d.<\/p>\n\n\n\n<p>Na ocasi\u00e3o, o chefe do Executivo estadual assegurou o empenho do governo para manter o n\u00edvel de investimento em diversos segmentos que representam a base da economia do Estado.<\/p>\n\n\n\n<p>\u201cO programa Empreender tem mudado a vida de muita gente na Para\u00edba; em 2019, n\u00f3s investimos, entre feiras e contratos, valores que ultrapassaram R$ 24 milh\u00f5es, beneficiando mais de 31 mil pessoas que participaram de feiras, circuitos e empr\u00e9stimos. A nossa inten\u00e7\u00e3o \u00e9 de investir cerca de 22 milh\u00f5es em 2020 e de fazer treinamentos de 4.500 pessoas, al\u00e9m de realizar cinco circuitos e tr\u00eas feiras para continuarmos sendo o Estado do Nordeste que mais gera emprego\u201d, frisou.<\/p>\n\n\n\n<p>O secret\u00e1rio de Estado do Turismo e do Desenvolvimento Econ\u00f4mico, Gustavo Feliciano, evidenciou o foco da gest\u00e3o para investir tanto na atra\u00e7\u00e3o de grandes empresas, quanto nos pequenos e m\u00e9dios empreendedores.<\/p>\n\n\n\n<p>\u201cTenho certeza de que as pessoas contempladas hoje est\u00e3o tirando um sonho do papel e os transformando em realidade. Um exemplo da aten\u00e7\u00e3o do governo com esse segmento econ\u00f4mico \u00e9 a realiza\u00e7\u00e3o do Sal\u00e3o do Artesanato na praia, onde o fluxo de turistas \u00e9 maior nessa \u00e9poca do ano, o que permite o fortalecimento de uma cadeia produtiva que envolve mais de oito mil pessoas que voltam a ter suas atividades valorizadas pelo poder p\u00fablico\u201d, declarou.<\/p>\n\n\n\n<figure class=\"wp-block-image\"><img decoding=\"async\" data-src=\"https:\/\/paraibaonline.com.br\/wp-content\/uploads\/2020\/02\/JOAO-AZEVEDO-EMPREENDER-567x378.jpg\" alt=\"Foto: Secom\/PB\" class=\"wp-image-834589 lazyload\" src=\"data:image\/svg+xml;base64,PHN2ZyB3aWR0aD0iMSIgaGVpZ2h0PSIxIiB4bWxucz0iaHR0cDovL3d3dy53My5vcmcvMjAwMC9zdmciPjwvc3ZnPg==\" style=\"--smush-placeholder-width: 567px; --smush-placeholder-aspect-ratio: 567\/378;\" \/><\/figure>\n\n\n\n<p>Foto: Secom\/PB<\/p>\n\n\n\n<p>O secret\u00e1rio executivo do Empreendedorismo, Fabr\u00edcio Feitosa, destacou a satisfa\u00e7\u00e3o de iniciar o ano com a libera\u00e7\u00e3o de R$ 1 milh\u00e3o em cr\u00e9ditos para empreendedores de Jo\u00e3o Pessoa.<\/p>\n\n\n\n<p>\u201cN\u00f3s temos a miss\u00e3o de contribuir com o desenvolvimento do nosso Estado e queremos chegar a todos os munic\u00edpios da Para\u00edba em 2020. N\u00f3s come\u00e7amos o ano com o p\u00e9 direito, qualificando e auxiliando o empreendedor para construir e melhorar a sua atividade, pois todas as pessoas contempladas passam por capacita\u00e7\u00e3o e fazem seu plano de neg\u00f3cio.\u201d, explicou.<\/p>\n\n\n\n<p>Beneficiado pelo Empreender, Joelysson Alves, que possui uma barbearia, est\u00e1 otimista com o fortalecimento de seu empreendimento e destacou a import\u00e2ncia de toda qualifica\u00e7\u00e3o que recebe no programa da gest\u00e3o estadual.<\/p>\n\n\n\n<p>\u201c\u00c9 muito importante para que a gente possa reinventar o nosso neg\u00f3cio, gerar novas oportunidades de emprego para outras pessoas e aquecer a economia do nosso Estado. Esse valor chegou no momento certo e vou colocar o plano de neg\u00f3cio em pr\u00e1tica para investir com muita sabedoria e dedica\u00e7\u00e3o\u201d, disse.<\/p>\n\n\n\n<p>Contemplada pela primeira vez com os cr\u00e9ditos do Empreender, Maria Jos\u00e9 de Ara\u00fajo, que atua no ramo de confec\u00e7\u00f5es, acredita que ter\u00e1 condi\u00e7\u00f5es de aumentar suas vendas.<\/p>\n\n\n\n<p>\u201cEu fiquei muito feliz, quero investir bem e dar oportunidade para que outras pessoas tamb\u00e9m sejam beneficiadas, pois sei que meu neg\u00f3cio ter\u00e1 um f\u00f4lego maior a partir dos investimentos que ser\u00e3o feitos\u201d, falou.<\/p>\n\n\n\n<p>A assinatura de contrato \u00e9 uma das etapas de concess\u00e3o de cr\u00e9dito na qual o empreendedor autoriza o recebimento do cr\u00e9dito em sua conta banc\u00e1ria.<\/p>\n\n\n\n<p>O Programa&nbsp;Empreender&nbsp;PB concede cr\u00e9dito produtivo orientado com o objetivo de incentivar a gera\u00e7\u00e3o de emprego e renda, bem como apoiar e fortalecer a economia solid\u00e1ria, o microempreendedor individual, o microempres\u00e1rio, o empres\u00e1rio de pequeno porte e as cooperativas de produ\u00e7\u00e3o da Para\u00edba.<\/p>\n\n\n\n<p><strong>31\u00ba Sal\u00e3o do Artesanato<\/strong>&nbsp;\u2013 Antes de participar da solenidade de assinatura de cr\u00e9ditos do Empreender Para\u00edba, o governador Jo\u00e3o Azev\u00eado visitou os estandes montados no local e ouviu diversos depoimentos de artes\u00e3os satisfeitos com o retorno da feira para a orla da Capital paraibana, o que resultou na boa comercializa\u00e7\u00e3o de produtos. Na ocasi\u00e3o, o gestor assegurou que a edi\u00e7\u00e3o do pr\u00f3ximo Sal\u00e3o, em Jo\u00e3o Pessoa, permanecer\u00e1 na praia.<\/p>\n\n\n\n<p>\u201cO Sal\u00e3o do Artesanato de Jo\u00e3o Pessoa bateu todos os recordes de venda, com a comercializa\u00e7\u00e3o de mais de 67 mil pe\u00e7as, o que representa mais de R$ 1,4 milh\u00e3o. N\u00f3s temos que ver o artesanato n\u00e3o apenas como cultura e hist\u00f3ria, mas tamb\u00e9m como segmento econ\u00f4mico\u201d, pontuou o governador Jo\u00e3o Azev\u00eado.<\/p>\n\n\n\n<figure class=\"wp-block-image\"><img decoding=\"async\" data-src=\"https:\/\/paraibaonline.com.br\/wp-content\/uploads\/2020\/02\/JOAO-AZEVEDO-EMPREENDER.jpg-567x378.jpg\" alt=\"Foto: Secom\/PB\" class=\"wp-image-834590 lazyload\" src=\"data:image\/svg+xml;base64,PHN2ZyB3aWR0aD0iMSIgaGVpZ2h0PSIxIiB4bWxucz0iaHR0cDovL3d3dy53My5vcmcvMjAwMC9zdmciPjwvc3ZnPg==\" style=\"--smush-placeholder-width: 567px; --smush-placeholder-aspect-ratio: 567\/378;\" \/><\/figure>\n\n\n\n<p>Foto: Secom\/PB<\/p>\n\n\n\n<p>A gestora do Programa do Artesanato da Para\u00edba (PAP), Marielza Rodriguez, comemorou o sucesso do evento.<\/p>\n\n\n\n<p>\u201cO artes\u00e3o foi acolhido em um espa\u00e7o muito bacana e estrat\u00e9gico, gerando emprego e renda, indo al\u00e9m da nossa expectativa e isso \u00e9 fruto de um trabalho feito por pessoas boas e com bons prop\u00f3sitos, com o apoio do governador Jo\u00e3o Azev\u00eado e da primeira-dama Ana Maria Lins\u201d, argumentou.<\/p>\n\n\n\n<p>O artes\u00e3o Jo\u00e3o de Deus, que recebeu uma homenagem das m\u00e3os do governador, agradeceu a aten\u00e7\u00e3o do Governo do Estado com o segmento. \u201c<\/p>\n\n\n\n<p>Esse momento tem um gosto especial na minha vida e, em nome dos demais artes\u00e3os, parabenizo a atitude do governador de nos presentear com esse lindo Sal\u00e3o, na orla de Jo\u00e3o Pessoa, e nossa esperan\u00e7a \u00e9 de estarmos aqui em 2021, nessa grande vitrine, divulgando e comercializando o que h\u00e1 de melhor no artesanato\u201d, comentou.<\/p>\n\n\n\n<p>O 31\u00ba Sal\u00e3o do Artesanato foi aberto no dia 10 de janeiro e ser\u00e1 encerrado neste domingo (2). Al\u00e9m do metal, os artes\u00e3os exp\u00f5em pe\u00e7as de diversas tipologias como madeira, algod\u00e3o colorido, brinquedos populares, habilidade manual, tecelagem, cer\u00e2mica, bordado, osso, fibra, escama de peixe e couro. No local, tamb\u00e9m est\u00e1 montada a parte gastron\u00f4mica, com comidas e bebidas t\u00edpicas da Para\u00edba, como rapadura e cacha\u00e7a.<\/p>\n\n\n\n<p>A solenidade foi prestigiada pela vice-governadora L\u00edgia Feliciano, pelo deputado federal Dami\u00e3o Feliciano e por auxiliares do Governo do Estado.<\/p>\n","protected":false},"excerpt":{"rendered":"<p>O governador Jo\u00e3o Azev\u00eado participou, nesse s\u00e1bado (1\u00b0), da solenidade de assinatura de&nbsp;contratos do Programa&nbsp;Empreender&nbsp;Para\u00edba, que destinou investimentos de aproximadamente&nbsp;R$ 1&nbsp;milh\u00e3o a cerca de 140&hellip; <\/p>\n","protected":false},"author":1,"featured_media":151045,"comment_status":"closed","ping_status":"closed","sticky":false,"template":"","format":"standard","meta":{"sfsi_plus_gutenberg_text_before_share":"","sfsi_plus_gutenberg_show_text_before_share":"","sfsi_plus_gutenberg_icon_type":"","sfsi_plus_gutenberg_icon_alignemt":"","sfsi_plus_gutenburg_max_per_row":"","footnotes":""},"categories":[2],"tags":[],"class_list":["post-151044","post","type-post","status-publish","format-standard","has-post-thumbnail","hentry","category-geral"],"_links":{"self":[{"href":"https:\/\/www.caririemacao.com\/1\/wp-json\/wp\/v2\/posts\/151044","targetHints":{"allow":["GET"]}}],"collection":[{"href":"https:\/\/www.caririemacao.com\/1\/wp-json\/wp\/v2\/posts"}],"about":[{"href":"https:\/\/www.caririemacao.com\/1\/wp-json\/wp\/v2\/types\/post"}],"author":[{"embeddable":true,"href":"https:\/\/www.caririemacao.com\/1\/wp-json\/wp\/v2\/users\/1"}],"replies":[{"embeddable":true,"href":"https:\/\/www.caririemacao.com\/1\/wp-json\/wp\/v2\/comments?post=151044"}],"version-history":[{"count":1,"href":"https:\/\/www.caririemacao.com\/1\/wp-json\/wp\/v2\/posts\/151044\/revisions"}],"predecessor-version":[{"id":151046,"href":"https:\/\/www.caririemacao.com\/1\/wp-json\/wp\/v2\/posts\/151044\/revisions\/151046"}],"wp:featuredmedia":[{"embeddable":true,"href":"https:\/\/www.caririemacao.com\/1\/wp-json\/wp\/v2\/media\/151045"}],"wp:attachment":[{"href":"https:\/\/www.caririemacao.com\/1\/wp-json\/wp\/v2\/media?parent=151044"}],"wp:term":[{"taxonomy":"category","embeddable":true,"href":"https:\/\/www.caririemacao.com\/1\/wp-json\/wp\/v2\/categories?post=151044"},{"taxonomy":"post_tag","embeddable":true,"href":"https:\/\/www.caririemacao.com\/1\/wp-json\/wp\/v2\/tags?post=151044"}],"curies":[{"name":"wp","href":"https:\/\/api.w.org\/{rel}","templated":true}]}}