{"id":151054,"date":"2020-02-03T08:51:14","date_gmt":"2020-02-03T11:51:14","guid":{"rendered":"http:\/\/www.caririemacao.com\/1\/?p=151054"},"modified":"2020-02-03T08:51:16","modified_gmt":"2020-02-03T11:51:16","slug":"juiz-manda-presos-limpar-cidade-devastada-pela-chuva","status":"publish","type":"post","link":"https:\/\/www.caririemacao.com\/1\/2020\/02\/03\/juiz-manda-presos-limpar-cidade-devastada-pela-chuva\/","title":{"rendered":"Juiz manda presos limpar cidade devastada pela chuva"},"content":{"rendered":"\n<p>O Pres\u00eddio de Abre Campo est\u00e1 auxiliando na limpeza das ruas da cidade nesta semana. A regi\u00e3o central foi devastada pelas for\u00e7as das \u00e1guas com a enchente do rio Santana, na \u00faltima sexta-feira, dia 24.<\/p>\n\n\n\n<p>De acordo com o Diretor Geral&nbsp;<strong>Leandro de Freitas da Silva<\/strong>, 33 detentos participam do mutir\u00e3o para recuperar os danos causados pela chuva. A a\u00e7\u00e3o foi poss\u00edvel atrav\u00e9s da solicita\u00e7\u00e3o do Pres\u00eddio de Abre Campo&nbsp;enviada ao Juiz de Direito da comarca Dr. Bruno Miranda Camelo, para que os mesmos trabalhassem por remiss\u00e3o pena conforme Lei n\u00b0 12.433 de 29\/06\/2011, sendo autorizado de de imediato.<\/p>\n\n\n\n<p>A pr\u00f3pria lei de execu\u00e7\u00e3o penal considera o trabalho do detendo um dever social e condi\u00e7\u00e3o de dignidade humana e finalidade educativa, al\u00e9m do que a Secretaria de Estado de Justi\u00e7a e Seguran\u00e7a P\u00fablica \u2013 SESJUSP tem como pol\u00edtica de humaniza\u00e7\u00e3o a utiliza\u00e7\u00e3o de a m\u00e3o de obra carcer\u00e1ria.<\/p>\n\n\n\n<p>Em Manhua\u00e7u, solicita\u00e7\u00e3o semelhante foi feita e a expectativa \u00e9 de que tamb\u00e9m aconte\u00e7a o trabalho daqueles detentos que tiverem condi\u00e7\u00e3o.<\/p>\n\n\n\n<p><em>Fonte: Jornal nova serrana<\/em><\/p>\n","protected":false},"excerpt":{"rendered":"<p>O Pres\u00eddio de Abre Campo est\u00e1 auxiliando na limpeza das ruas da cidade nesta semana. A regi\u00e3o central foi devastada pelas for\u00e7as das \u00e1guas com&hellip; <\/p>\n","protected":false},"author":1,"featured_media":151055,"comment_status":"closed","ping_status":"closed","sticky":false,"template":"","format":"standard","meta":{"sfsi_plus_gutenberg_text_before_share":"","sfsi_plus_gutenberg_show_text_before_share":"","sfsi_plus_gutenberg_icon_type":"","sfsi_plus_gutenberg_icon_alignemt":"","sfsi_plus_gutenburg_max_per_row":"","footnotes":""},"categories":[2],"tags":[],"class_list":["post-151054","post","type-post","status-publish","format-standard","has-post-thumbnail","hentry","category-geral"],"_links":{"self":[{"href":"https:\/\/www.caririemacao.com\/1\/wp-json\/wp\/v2\/posts\/151054","targetHints":{"allow":["GET"]}}],"collection":[{"href":"https:\/\/www.caririemacao.com\/1\/wp-json\/wp\/v2\/posts"}],"about":[{"href":"https:\/\/www.caririemacao.com\/1\/wp-json\/wp\/v2\/types\/post"}],"author":[{"embeddable":true,"href":"https:\/\/www.caririemacao.com\/1\/wp-json\/wp\/v2\/users\/1"}],"replies":[{"embeddable":true,"href":"https:\/\/www.caririemacao.com\/1\/wp-json\/wp\/v2\/comments?post=151054"}],"version-history":[{"count":1,"href":"https:\/\/www.caririemacao.com\/1\/wp-json\/wp\/v2\/posts\/151054\/revisions"}],"predecessor-version":[{"id":151057,"href":"https:\/\/www.caririemacao.com\/1\/wp-json\/wp\/v2\/posts\/151054\/revisions\/151057"}],"wp:featuredmedia":[{"embeddable":true,"href":"https:\/\/www.caririemacao.com\/1\/wp-json\/wp\/v2\/media\/151055"}],"wp:attachment":[{"href":"https:\/\/www.caririemacao.com\/1\/wp-json\/wp\/v2\/media?parent=151054"}],"wp:term":[{"taxonomy":"category","embeddable":true,"href":"https:\/\/www.caririemacao.com\/1\/wp-json\/wp\/v2\/categories?post=151054"},{"taxonomy":"post_tag","embeddable":true,"href":"https:\/\/www.caririemacao.com\/1\/wp-json\/wp\/v2\/tags?post=151054"}],"curies":[{"name":"wp","href":"https:\/\/api.w.org\/{rel}","templated":true}]}}