{"id":151059,"date":"2020-02-03T08:53:24","date_gmt":"2020-02-03T11:53:24","guid":{"rendered":"http:\/\/www.caririemacao.com\/1\/?p=151059"},"modified":"2020-02-03T08:53:25","modified_gmt":"2020-02-03T11:53:25","slug":"coronavirus-itamaraty-vai-repatriar-brasileiros-que-estao-na-china","status":"publish","type":"post","link":"https:\/\/www.caririemacao.com\/1\/2020\/02\/03\/coronavirus-itamaraty-vai-repatriar-brasileiros-que-estao-na-china\/","title":{"rendered":"Coronav\u00edrus: Itamaraty vai repatriar brasileiros que est\u00e3o na China"},"content":{"rendered":"\n<p>Por meio de nota conjunta emitida neste domingo(2), o Minist\u00e9rio das Rela\u00e7\u00f5es Exteriores e&nbsp;o Minist\u00e9rio da&nbsp;Defesa anunciaram que o governo brasileiro adota todas as medidas necess\u00e1rias para trazer de volta ao Brasil os cidad\u00e3os brasileiros que se encontram na prov\u00edncia de Hubei, especificamente na cidade de Wuhan, na China, regi\u00e3o de origem da epidemia do&nbsp;<a href=\"http:\/\/agenciabrasil.ebc.com.br\/tags\/coronavirus\" target=\"_blank\" rel=\"noreferrer noopener\">coronav\u00edrus<\/a>. Ser\u00e3o trazidos todos os brasileiros que se encontram naquela regi\u00e3o e que manifestarem desejo de retornar ao Brasil.<\/p>\n\n\n\n<p>Assim que chegarem ao Brasil, eles dever\u00e3o ser submetidos a quarentena, de acordo com procedimentos internacionais, sob a orienta\u00e7\u00e3o do Minist\u00e9rio da Sa\u00fade.<\/p>\n\n\n\n<p>O Minist\u00e9rio da Defesa, por meio da For\u00e7a A\u00e9rea Brasileira, trabalha na elabora\u00e7\u00e3o do plano de voo da aeronave, possivelmente fretada, que ser\u00e1 enviada \u00e0 China.&nbsp;<\/p>\n\n\n\n<p>Duas brasileiras, que se encontravam em Wuhan e tamb\u00e9m possu\u00edam nacionalidade portuguesa, j\u00e1 embarcaram em voo franc\u00eas que transportou cidad\u00e3os da Uni\u00e3o Europeia. Elas far\u00e3o quarentena em Portugal.<\/p>\n\n\n\n<p>O an\u00fancio tamb\u00e9m foi feito pelo presidente Jair Bolsonaro no Twitter.<\/p>\n\n\n\n<figure class=\"wp-block-image\"><a href=\"https:\/\/twitter.com\/jairbolsonaro\"><img decoding=\"async\" data-src=\"https:\/\/pbs.twimg.com\/profile_images\/1057631480459886595\/9VPdGJJz_bigger.jpg\" alt=\"\" src=\"data:image\/svg+xml;base64,PHN2ZyB3aWR0aD0iMSIgaGVpZ2h0PSIxIiB4bWxucz0iaHR0cDovL3d3dy53My5vcmcvMjAwMC9zdmciPjwvc3ZnPg==\" class=\"lazyload\" \/><\/a><\/figure>\n\n\n\n<p><a href=\"https:\/\/twitter.com\/jairbolsonaro\"><strong>Jair M. Bolsonaro<\/strong><strong>&#x2714;<\/strong>@jairbolsonaro<\/a><a href=\"https:\/\/twitter.com\/jairbolsonaro\/status\/1224099284016082944\"><\/a><\/p>\n\n\n\n<p>&#8211; Repatria\u00e7\u00e3o dos brasileiros que se encontram em Wuhan\/Hubei, China. <a href=\"https:\/\/twitter.com\/DefesaGovBr\">@DefesaGovBr<\/a> <a href=\"https:\/\/twitter.com\/minsaude\">@minsaude<\/a> <a href=\"https:\/\/twitter.com\/portalfab\">@portalfab<\/a><\/p>\n\n\n\n<figure class=\"wp-block-image\"><a href=\"https:\/\/twitter.com\/jairbolsonaro\/status\/1224099284016082944\/photo\/1\"><img decoding=\"async\" src=\"https:\/\/pbs.twimg.com\/media\/EPzfzgmWoAUEyIu?format=jpg&amp;name=medium\" alt=\"Ver imagem no Twitter\"\/><\/a><\/figure>\n\n\n\n<p><a href=\"https:\/\/twitter.com\/intent\/like?tweet_id=1224099284016082944\">12&nbsp;mil<\/a><a href=\"https:\/\/twitter.com\/jairbolsonaro\/status\/1224099284016082944\">19:36 &#8211; 2 de fev de 2020<\/a><a href=\"https:\/\/support.twitter.com\/articles\/20175256\">Informa\u00e7\u00f5es e privacidade no Twitter Ads<\/a><a href=\"https:\/\/twitter.com\/jairbolsonaro\/status\/1224099284016082944\">3.186 pessoas est\u00e3o falando sobre isso<\/a><\/p>\n\n\n\n<p>Neste domingo, um grupo de brasileiros que est\u00e3o na China publicou uma carta aberta, no youtube,&nbsp;pedindo ajuda ao governo brasileiro para retornar ao Brasil.&nbsp;No v\u00eddeo,&nbsp;o grupo afirma que est\u00e1 disposto a passar por quarentena ap\u00f3s chegar ao Brasil.<\/p>\n\n\n\n<figure><iframe allowfullscreen=\"\" data-src=\"https:\/\/www.youtube.com\/embed\/CEQeOGhZDaU\" src=\"data:image\/svg+xml;base64,PHN2ZyB3aWR0aD0iMSIgaGVpZ2h0PSIxIiB4bWxucz0iaHR0cDovL3d3dy53My5vcmcvMjAwMC9zdmciPjwvc3ZnPg==\" class=\"lazyload\" data-load-mode=\"1\"><\/iframe><\/figure>\n\n\n\n<p>O presidente do Senado, Davi Alcolumbre,&nbsp;elogiou a decis\u00e3o do governo brasileiro em repatriar&nbsp;seus cidad\u00e3os que est\u00e3o na China. Mais cedo, Alcolumbre havia dito que governo &#8220;<a href=\"http:\/\/agenciabrasil.ebc.com.br\/politica\/noticia\/2020-02\/coronavirus-governo-tera-apoio-do-congresso-para-repatriar-brasileiros-diz-alcolumbre\" target=\"_blank\" rel=\"noreferrer noopener\">ter\u00e1 total e irrestrito apoio<\/a>&#8221; do Congresso Nacional.<\/p>\n\n\n\n<figure class=\"wp-block-image\"><a href=\"https:\/\/twitter.com\/davialcolumbre\"><img decoding=\"async\" data-src=\"https:\/\/pbs.twimg.com\/profile_images\/1204575711517917185\/GTbPzahK_bigger.jpg\" alt=\"\" src=\"data:image\/svg+xml;base64,PHN2ZyB3aWR0aD0iMSIgaGVpZ2h0PSIxIiB4bWxucz0iaHR0cDovL3d3dy53My5vcmcvMjAwMC9zdmciPjwvc3ZnPg==\" class=\"lazyload\" \/><\/a><\/figure>\n\n\n\n<p><a href=\"https:\/\/twitter.com\/davialcolumbre\"><strong>Davi Alcolumbre<\/strong><strong>&#x2714;<\/strong>@davialcolumbre<\/a><a href=\"https:\/\/twitter.com\/davialcolumbre\/status\/1224079426444460034\"><\/a><\/p>\n\n\n\n<p>Como me manifestei mais cedo, n\u00e3o \u00e9 preciso uma nova lei para que os brasileiros que est\u00e3o retidos na China, por causa do coronav\u00edrus, possam voltar para o Brasil. De toda forma, o Congresso Nacional est\u00e1 pronto para ajudar os brasileiros no que for necess\u00e1rio.<a href=\"https:\/\/twitter.com\/intent\/like?tweet_id=1224079426444460034\">307<\/a><a href=\"https:\/\/twitter.com\/davialcolumbre\/status\/1224079426444460034\">18:17 &#8211; 2 de fev de 2020<\/a><a href=\"https:\/\/support.twitter.com\/articles\/20175256\">Informa\u00e7\u00f5es e privacidade no Twitter Ads<\/a><a href=\"https:\/\/twitter.com\/davialcolumbre\/status\/1224079426444460034\">575 pessoas est\u00e3o falando sobre isso<\/a><\/p>\n\n\n\n<h2 class=\"wp-block-heading\">Hist\u00f3rico do Coronav\u00edrus<\/h2>\n\n\n\n<p>Os coronav\u00edrus s\u00e3o conhecidos desde meados dos anos 1960 e j\u00e1 estiveram associados a outros epis\u00f3dios de alerta internacional nos \u00faltimos anos. Em 2002, uma variante gerou um surto de s\u00edndrome respirat\u00f3ria aguda grave (Sars) que tamb\u00e9m teve in\u00edcio na China e atingiu mais de 8 mil pessoas. Em 2012, um novo coronav\u00edrus causou uma s\u00edndrome respirat\u00f3ria no Oriente M\u00e9dio que foi chamada de Mers.<br><br>A atual transmiss\u00e3o foi identificada em 7 de janeiro. O escrit\u00f3rio da Organiza\u00e7\u00e3o Mundial de Sa\u00fade (OMS) na China buscava respostas para casos de uma pneumonia de etiologia at\u00e9 ent\u00e3o desconhecida que afetava moradores na cidade de Wuhan. No dia 11 de janeiro foi apontado um mercado de frutos do mar como o local de origem da transmiss\u00e3o. O espa\u00e7o foi fechado pelo governo chin\u00eas.<\/p>\n\n\n\n<figure class=\"wp-block-image\"><img decoding=\"async\" data-src=\"http:\/\/imagens.ebc.com.br\/mPuI0Y7Bid3JNfXSkYi4xqX1G0k=\/754x0\/smart\/http:\/\/agenciabrasil.ebc.com.br\/sites\/default\/files\/thumbnails\/image\/info_coronavirus_31jan.png?itok=Z2trQiry\" alt=\"Confira os principais sintomas e os cuidados para evitar o coronav\u00edrus.\" src=\"data:image\/svg+xml;base64,PHN2ZyB3aWR0aD0iMSIgaGVpZ2h0PSIxIiB4bWxucz0iaHR0cDovL3d3dy53My5vcmcvMjAwMC9zdmciPjwvc3ZnPg==\" class=\"lazyload\" \/><\/figure>\n","protected":false},"excerpt":{"rendered":"<p>Por meio de nota conjunta emitida neste domingo(2), o Minist\u00e9rio das Rela\u00e7\u00f5es Exteriores e&nbsp;o Minist\u00e9rio da&nbsp;Defesa anunciaram que o governo brasileiro adota todas as medidas&hellip; <\/p>\n","protected":false},"author":1,"featured_media":151060,"comment_status":"closed","ping_status":"closed","sticky":false,"template":"","format":"standard","meta":{"sfsi_plus_gutenberg_text_before_share":"","sfsi_plus_gutenberg_show_text_before_share":"","sfsi_plus_gutenberg_icon_type":"","sfsi_plus_gutenberg_icon_alignemt":"","sfsi_plus_gutenburg_max_per_row":"","footnotes":""},"categories":[16],"tags":[],"class_list":["post-151059","post","type-post","status-publish","format-standard","has-post-thumbnail","hentry","category-saude"],"_links":{"self":[{"href":"https:\/\/www.caririemacao.com\/1\/wp-json\/wp\/v2\/posts\/151059","targetHints":{"allow":["GET"]}}],"collection":[{"href":"https:\/\/www.caririemacao.com\/1\/wp-json\/wp\/v2\/posts"}],"about":[{"href":"https:\/\/www.caririemacao.com\/1\/wp-json\/wp\/v2\/types\/post"}],"author":[{"embeddable":true,"href":"https:\/\/www.caririemacao.com\/1\/wp-json\/wp\/v2\/users\/1"}],"replies":[{"embeddable":true,"href":"https:\/\/www.caririemacao.com\/1\/wp-json\/wp\/v2\/comments?post=151059"}],"version-history":[{"count":1,"href":"https:\/\/www.caririemacao.com\/1\/wp-json\/wp\/v2\/posts\/151059\/revisions"}],"predecessor-version":[{"id":151061,"href":"https:\/\/www.caririemacao.com\/1\/wp-json\/wp\/v2\/posts\/151059\/revisions\/151061"}],"wp:featuredmedia":[{"embeddable":true,"href":"https:\/\/www.caririemacao.com\/1\/wp-json\/wp\/v2\/media\/151060"}],"wp:attachment":[{"href":"https:\/\/www.caririemacao.com\/1\/wp-json\/wp\/v2\/media?parent=151059"}],"wp:term":[{"taxonomy":"category","embeddable":true,"href":"https:\/\/www.caririemacao.com\/1\/wp-json\/wp\/v2\/categories?post=151059"},{"taxonomy":"post_tag","embeddable":true,"href":"https:\/\/www.caririemacao.com\/1\/wp-json\/wp\/v2\/tags?post=151059"}],"curies":[{"name":"wp","href":"https:\/\/api.w.org\/{rel}","templated":true}]}}