{"id":151063,"date":"2020-02-03T08:55:48","date_gmt":"2020-02-03T11:55:48","guid":{"rendered":"http:\/\/www.caririemacao.com\/1\/?p=151063"},"modified":"2020-02-03T08:55:50","modified_gmt":"2020-02-03T11:55:50","slug":"governo-tera-apoio-do-congresso-diz-alcolumbre-sobre-coronavirus","status":"publish","type":"post","link":"https:\/\/www.caririemacao.com\/1\/2020\/02\/03\/governo-tera-apoio-do-congresso-diz-alcolumbre-sobre-coronavirus\/","title":{"rendered":"Governo ter\u00e1 apoio do Congresso&#8221;, diz Alcolumbre sobre coronav\u00edrus"},"content":{"rendered":"\n<p>O&nbsp;presidente do Senado, Davi Alcolumbre, disse, neste domingo (2), que se o presidente Jair Bolsonaro decidir trazer os brasileiros que est\u00e3o na China de volta ao Brasil por causa do&nbsp;<a href=\"http:\/\/agenciabrasil.ebc.com.br\/tags\/coronavirus\" target=\"_blank\" rel=\"noreferrer noopener\">coronav\u00edrus<\/a>, &#8220;ter\u00e1 total e irrestrito apoio&#8221; do Congresso Nacional.<\/p>\n\n\n\n<p>&#8220;Do Parlamento, n\u00f3s estamos 100% abertos para o que precisar do Congressso. Eu tenho certeza que a C\u00e2mara e o Senado v\u00e3o trabalhar para agilizar, para se for preciso votar alguma lei em regime de urg\u00eancia, para se o governo precisar editar uma medida provis\u00f3ria, ter\u00e1 o nosso apoio&#8221;, afirmou Alcolumbre.<\/p>\n\n\n\n<p>O presidente do Senado defedeu que os brasileiros vindos da China poderiam ficar em uma base militar durante o per\u00edodo de quarentena.<\/p>\n\n\n\n<p>Na sexta-feira passada (31), o presidente Bolsanaro se reuniu os ministros Henrique Mandetta (Sa\u00fade), Augusto Heleno (Gabinete de Seguran\u00e7a Institucional), Luiz Eduardo Ramos (Secretaria Geral), Ernesto Ara\u00fajo (Rela\u00e7\u00f5es&nbsp;Exteriores) e Fernando Azevedo (Defesa) para discutir as&nbsp;<a href=\"http:\/\/agenciabrasil.ebc.com.br\/politica\/noticia\/2020-01\/bolsonaro-lista-dificuldades-para-trazer-brasileiros-da-china\" target=\"_blank\" rel=\"noreferrer noopener\">dificuldades de repatriar os brasileiros&nbsp;<\/a>que est\u00e3o na China.<\/p>\n\n\n\n<p>De acordo com o chefe da Casa Civil, Onyx Lorenzoni, uma reuni\u00e3o do grupo interministerial criado por decreto para tratar de a\u00e7\u00f5es do governo brasileiro para enfrentar a doen\u00e7a est\u00e1 convocada para \u00e0s 10h de segunda-feira (3), no Pal\u00e1cio do Planalto.<\/p>\n\n\n\n<h2 class=\"wp-block-heading\">Coronav\u00edrus<\/h2>\n\n\n\n<p>Autoridades sanit\u00e1rias da&nbsp;<a href=\"http:\/\/agenciabrasil.ebc.com.br\/saude\/noticia\/2020-02\/numero-de-mortes-pelo-coronavirus-ultrapassa-300-na-china\" target=\"_blank\" rel=\"noreferrer noopener\">China&nbsp;<\/a>anunciaram, neste domingo,&nbsp;que outras 45 pessoas morreram na prov\u00edncia de Hubei, o centro da epidemia de coronav\u00edrus. At\u00e9 o momento, o n\u00famero total de mortes na China continental chega a 304.<\/p>\n\n\n\n<p><a href=\"http:\/\/agenciabrasil.ebc.com.br\/saude\/noticia\/2020-02\/brasil-registra-16-casos-suspeitos-de-coronavirus\" target=\"_blank\" rel=\"noreferrer noopener\">No Brasil<\/a>,&nbsp;segundo&nbsp;balan\u00e7o divulgado pelo&nbsp;Minist\u00e9rio da Sa\u00fade no s\u00e1bado (1), s\u00e3o 16&nbsp;casos considerados suspeitos de coronav\u00edrus no pa\u00eds.<\/p>\n\n\n\n<p>Os coronav\u00edrus s\u00e3o conhecidos desde meados dos anos 1960 e j\u00e1 estiveram associados a outros epis\u00f3dios de alerta internacional nos \u00faltimos anos. Em 2002, uma variante gerou um surto de s\u00edndrome respirat\u00f3ria aguda grave (Sars) que tamb\u00e9m teve in\u00edcio na China e atingiu mais de 8 mil pessoas. Em 2012, um novo coronav\u00edrus causou uma s\u00edndrome respirat\u00f3ria no Oriente M\u00e9dio que foi chamada de Mers.<\/p>\n\n\n\n<p>A atual transmiss\u00e3o foi identificada em 7 de janeiro. O escrit\u00f3rio da Organiza\u00e7\u00e3o Mundial de Sa\u00fade (OMS) na China buscava respostas para casos de uma pneumonia de etiologia at\u00e9 ent\u00e3o desconhecida que afetava moradores na cidade de Wuhan. No dia 11 de janeiro foi apontado um mercado de frutos do mar como o local de origem da transmiss\u00e3o. O espa\u00e7o foi fechado pelo governo chin\u00eas.<\/p>\n\n\n\n<figure class=\"wp-block-image\"><img decoding=\"async\" data-src=\"http:\/\/imagens.ebc.com.br\/mPuI0Y7Bid3JNfXSkYi4xqX1G0k=\/754x0\/smart\/http:\/\/agenciabrasil.ebc.com.br\/sites\/default\/files\/thumbnails\/image\/info_coronavirus_31jan.png?itok=Z2trQiry\" alt=\"Confira os principais sintomas e os cuidados para evitar o coronav\u00edrus.\" src=\"data:image\/svg+xml;base64,PHN2ZyB3aWR0aD0iMSIgaGVpZ2h0PSIxIiB4bWxucz0iaHR0cDovL3d3dy53My5vcmcvMjAwMC9zdmciPjwvc3ZnPg==\" class=\"lazyload\" \/><\/figure>\n","protected":false},"excerpt":{"rendered":"<p>O&nbsp;presidente do Senado, Davi Alcolumbre, disse, neste domingo (2), que se o presidente Jair Bolsonaro decidir trazer os brasileiros que est\u00e3o na China de volta&hellip; <\/p>\n","protected":false},"author":1,"featured_media":149584,"comment_status":"closed","ping_status":"closed","sticky":false,"template":"","format":"standard","meta":{"sfsi_plus_gutenberg_text_before_share":"","sfsi_plus_gutenberg_show_text_before_share":"","sfsi_plus_gutenberg_icon_type":"","sfsi_plus_gutenberg_icon_alignemt":"","sfsi_plus_gutenburg_max_per_row":"","footnotes":""},"categories":[16],"tags":[],"class_list":["post-151063","post","type-post","status-publish","format-standard","has-post-thumbnail","hentry","category-saude"],"_links":{"self":[{"href":"https:\/\/www.caririemacao.com\/1\/wp-json\/wp\/v2\/posts\/151063","targetHints":{"allow":["GET"]}}],"collection":[{"href":"https:\/\/www.caririemacao.com\/1\/wp-json\/wp\/v2\/posts"}],"about":[{"href":"https:\/\/www.caririemacao.com\/1\/wp-json\/wp\/v2\/types\/post"}],"author":[{"embeddable":true,"href":"https:\/\/www.caririemacao.com\/1\/wp-json\/wp\/v2\/users\/1"}],"replies":[{"embeddable":true,"href":"https:\/\/www.caririemacao.com\/1\/wp-json\/wp\/v2\/comments?post=151063"}],"version-history":[{"count":1,"href":"https:\/\/www.caririemacao.com\/1\/wp-json\/wp\/v2\/posts\/151063\/revisions"}],"predecessor-version":[{"id":151064,"href":"https:\/\/www.caririemacao.com\/1\/wp-json\/wp\/v2\/posts\/151063\/revisions\/151064"}],"wp:featuredmedia":[{"embeddable":true,"href":"https:\/\/www.caririemacao.com\/1\/wp-json\/wp\/v2\/media\/149584"}],"wp:attachment":[{"href":"https:\/\/www.caririemacao.com\/1\/wp-json\/wp\/v2\/media?parent=151063"}],"wp:term":[{"taxonomy":"category","embeddable":true,"href":"https:\/\/www.caririemacao.com\/1\/wp-json\/wp\/v2\/categories?post=151063"},{"taxonomy":"post_tag","embeddable":true,"href":"https:\/\/www.caririemacao.com\/1\/wp-json\/wp\/v2\/tags?post=151063"}],"curies":[{"name":"wp","href":"https:\/\/api.w.org\/{rel}","templated":true}]}}