{"id":151065,"date":"2020-02-03T08:57:37","date_gmt":"2020-02-03T11:57:37","guid":{"rendered":"http:\/\/www.caririemacao.com\/1\/?p=151065"},"modified":"2020-02-03T08:57:40","modified_gmt":"2020-02-03T11:57:40","slug":"rio-prepara-plano-de-contingencia-do-coronavirus-para-o-carnaval","status":"publish","type":"post","link":"https:\/\/www.caririemacao.com\/1\/2020\/02\/03\/rio-prepara-plano-de-contingencia-do-coronavirus-para-o-carnaval\/","title":{"rendered":"Rio prepara plano de conting\u00eancia do coronav\u00edrus para o carnaval"},"content":{"rendered":"\n<p>O munic\u00edpio do Rio&nbsp;de Janeiro&nbsp;est\u00e1 preparando um plano de conting\u00eancia para evitar a propaga\u00e7\u00e3o do coronav\u00edrus durante o carnaval. Segundo a secret\u00e1ria municipal de Sa\u00fade, Beatriz Busch, o planejamento est\u00e1 sendo feito em conjunto com o governo do estado e deve ser conclu\u00eddo nos pr\u00f3ximos dias.<\/p>\n\n\n\n<p>\u201cHoje&nbsp;n\u00e3o temos nenhum caso sequer suspeito na cidade. Estamos atentos para poss\u00edveis casos suspeitos. Estamos numa fase de planejamento, revendo nossos estoques de insumos especializados para atender a essas pessoas\u201d, disse Beatriz.<\/p>\n\n\n\n<p>A secret\u00e1ria informou ainda que o planejamento dever\u00e1 envolver a identifica\u00e7\u00e3o de poss\u00edveis centros de refer\u00eancia para atendimento a pacientes com a doen\u00e7a. \u201cTemos pr\u00e9dios de grande capacidade instalada, como o Ronaldo Gazolla, que \u00e9 um hospital em Acari. Esse plano est\u00e1 sendo desenhado e ser\u00e1 divulgado a tempo\u201d, afirmou.<\/p>\n\n\n\n<p>O carnaval carioca \u00e9 uma das festas mais famosas do mundo e costuma atrair turistas brasileiros e estrangeiros. Segundo a empresa municipal de turismo, a Riotur, no carnaval do ano passado, a capital fluminense recebeu 1,6 milh\u00e3o de visitantes.<\/p>\n\n\n\n<p>J\u00e1 h\u00e1 uma preocupa\u00e7\u00e3o das autoridades sanit\u00e1rias do munic\u00edpio, por exemplo, em rela\u00e7\u00e3o ao sarampo, devido \u00e0 reuni\u00e3o de pessoas em grandes aglomera\u00e7\u00f5es durante a festa.<\/p>\n","protected":false},"excerpt":{"rendered":"<p>O munic\u00edpio do Rio&nbsp;de Janeiro&nbsp;est\u00e1 preparando um plano de conting\u00eancia para evitar a propaga\u00e7\u00e3o do coronav\u00edrus durante o carnaval. Segundo a secret\u00e1ria municipal de Sa\u00fade,&hellip; <\/p>\n","protected":false},"author":1,"featured_media":151066,"comment_status":"closed","ping_status":"closed","sticky":false,"template":"","format":"standard","meta":{"sfsi_plus_gutenberg_text_before_share":"","sfsi_plus_gutenberg_show_text_before_share":"","sfsi_plus_gutenberg_icon_type":"","sfsi_plus_gutenberg_icon_alignemt":"","sfsi_plus_gutenburg_max_per_row":"","footnotes":""},"categories":[16],"tags":[],"class_list":["post-151065","post","type-post","status-publish","format-standard","has-post-thumbnail","hentry","category-saude"],"_links":{"self":[{"href":"https:\/\/www.caririemacao.com\/1\/wp-json\/wp\/v2\/posts\/151065","targetHints":{"allow":["GET"]}}],"collection":[{"href":"https:\/\/www.caririemacao.com\/1\/wp-json\/wp\/v2\/posts"}],"about":[{"href":"https:\/\/www.caririemacao.com\/1\/wp-json\/wp\/v2\/types\/post"}],"author":[{"embeddable":true,"href":"https:\/\/www.caririemacao.com\/1\/wp-json\/wp\/v2\/users\/1"}],"replies":[{"embeddable":true,"href":"https:\/\/www.caririemacao.com\/1\/wp-json\/wp\/v2\/comments?post=151065"}],"version-history":[{"count":1,"href":"https:\/\/www.caririemacao.com\/1\/wp-json\/wp\/v2\/posts\/151065\/revisions"}],"predecessor-version":[{"id":151067,"href":"https:\/\/www.caririemacao.com\/1\/wp-json\/wp\/v2\/posts\/151065\/revisions\/151067"}],"wp:featuredmedia":[{"embeddable":true,"href":"https:\/\/www.caririemacao.com\/1\/wp-json\/wp\/v2\/media\/151066"}],"wp:attachment":[{"href":"https:\/\/www.caririemacao.com\/1\/wp-json\/wp\/v2\/media?parent=151065"}],"wp:term":[{"taxonomy":"category","embeddable":true,"href":"https:\/\/www.caririemacao.com\/1\/wp-json\/wp\/v2\/categories?post=151065"},{"taxonomy":"post_tag","embeddable":true,"href":"https:\/\/www.caririemacao.com\/1\/wp-json\/wp\/v2\/tags?post=151065"}],"curies":[{"name":"wp","href":"https:\/\/api.w.org\/{rel}","templated":true}]}}