{"id":151073,"date":"2020-02-03T09:01:41","date_gmt":"2020-02-03T12:01:41","guid":{"rendered":"http:\/\/www.caririemacao.com\/1\/?p=151073"},"modified":"2020-02-03T09:01:43","modified_gmt":"2020-02-03T12:01:43","slug":"congresso-inicia-ano-com-27-medidas-provisorias-na-fila","status":"publish","type":"post","link":"https:\/\/www.caririemacao.com\/1\/2020\/02\/03\/congresso-inicia-ano-com-27-medidas-provisorias-na-fila\/","title":{"rendered":"Congresso inicia ano com 27 medidas provis\u00f3rias na fila"},"content":{"rendered":"\n<p>Com o in\u00edcio dos trabalhos legislativos nesta&nbsp;segunda-feira (3), C\u00e2mara e Senado come\u00e7am&nbsp;2020 com 27 medidas provis\u00f3rias (MPs) para an\u00e1lise. Desse total, dez&nbsp;j\u00e1 trancam a pauta de vota\u00e7\u00f5es e at\u00e9 o final&nbsp;de fevereiro&nbsp;outras cinco v\u00e3o aumentar&nbsp;essa fila.<\/p>\n\n\n\n<p>A&nbsp;MP 894\/2019, que institui uma pens\u00e3o mensal vital\u00edcia&nbsp;no valor de um sal\u00e1rio m\u00ednimo para crian\u00e7as com s\u00edndrome causada pelo Zika v\u00edrus, \u00e9 a primeira da fila. O texto foi aprovado em dezembro pelos deputados e deve passar facilmente pelos senadores. O relator da MP, senador Izalci Lucas (PSDB-DF), estendeu a medida para todas as crian\u00e7as afetadas que tenham nascido at\u00e9 o fim de 2019.<\/p>\n\n\n\n<h2 class=\"wp-block-heading\">Fim do prazo<\/h2>\n\n\n\n<p>Sem chances de avan\u00e7ar, porqu\u00ea perdem a validade em&nbsp;16 de fevereiro, est\u00e3o outras duas MPs. Uma delas, a 895\/2019, cria a carteira estudantil em formato digital. O documento \u00e9 gratuito para todos os estudantes, mediante cadastro em aplicativo de celular que ser\u00e1 vinculado a um banco de dados do Minist\u00e9rio da Educa\u00e7\u00e3o.<\/p>\n\n\n\n<p>A outra \u00e9 a MP 896\/19, a proposta desobriga \u00f3rg\u00e3os da Uni\u00e3o, estados, Distrito Federal e munic\u00edpios de publicar documentos relativos a licita\u00e7\u00f5es em jornais de grande circula\u00e7\u00e3o \u2014 bastaria o an\u00fancio em&nbsp;<em>site<\/em>&nbsp;oficial e no Di\u00e1rio Oficial da Uni\u00e3o. No m\u00eas seguinte \u00e0 sua publica\u00e7\u00e3o, ap\u00f3s um questionamento da Rede Sustentabilidade, o ministro Gilmar Mendes, do Supremo Tribunal Federal (STF), suspendeu a MP.<\/p>\n\n\n\n<p>Nos dois casos, nem a comiss\u00e3o mista&nbsp; instalada \u2013 primeira fase de tramita\u00e7\u00e3o antes de seguir para C\u00e2mara e Senado \u2013 essas MPs tiveram.<\/p>\n\n\n\n<h2 class=\"wp-block-heading\">Urg\u00eancias<\/h2>\n\n\n\n<p>Entre as MPs que tramitam em regime de urg\u00eancia, com prioridade na fila de vota\u00e7\u00f5es, est\u00e1 a MP que cria a 13\u00aa parcela do Bolsa Fam\u00edlia (MP 898\/2019). O texto ainda precisa ser votado na comiss\u00e3o mista, mas j\u00e1 tem relat\u00f3rio favor\u00e1vel, do senador Randolfe Rodrigues (Rede-AP).&nbsp;O texto previa apenas o pagamento extra no ano de 2019, mas o relat\u00f3rio de Randolfe tornou permanente a parcela adicional. Outra novidade sugerida pelo relator diz respeito ao Benef\u00edcio de Presta\u00e7\u00e3o Continuada (BPC) que tamb\u00e9m passa a contar com um 13\u00ba.<\/p>\n\n\n\n<p>\u201cO BPC tem por objetivo amparar pessoas \u00e0 margem da sociedade e que n\u00e3o podem prover seu sustento. [Conceder o 13\u00ba visa] corrigir essa desigualdade, para garantir a isonomia entre esses benefici\u00e1rios e os demais do INSS, que j\u00e1 recebem a renda extra no m\u00eas&nbsp;de dezembro&nbsp;de cada ano\u201d, ressalta Randolfe.<\/p>\n\n\n\n<p>Tamb\u00e9m com discuss\u00e3o mais avan\u00e7ada, est\u00e3o as MPs 897\/2019 que trata de cr\u00e9dito rural e a 901\/2019, que transfere terras da Uni\u00e3o para Amap\u00e1 e Roraima. As duas j\u00e1 foram aprovadas pelas suas comiss\u00f5es mistas e agora aguardam an\u00e1lise dos deputados.<\/p>\n","protected":false},"excerpt":{"rendered":"<p>Com o in\u00edcio dos trabalhos legislativos nesta&nbsp;segunda-feira (3), C\u00e2mara e Senado come\u00e7am&nbsp;2020 com 27 medidas provis\u00f3rias (MPs) para an\u00e1lise. Desse total, dez&nbsp;j\u00e1 trancam a pauta&hellip; <\/p>\n","protected":false},"author":1,"featured_media":151075,"comment_status":"closed","ping_status":"closed","sticky":false,"template":"","format":"standard","meta":{"sfsi_plus_gutenberg_text_before_share":"","sfsi_plus_gutenberg_show_text_before_share":"","sfsi_plus_gutenberg_icon_type":"","sfsi_plus_gutenberg_icon_alignemt":"","sfsi_plus_gutenburg_max_per_row":"","footnotes":""},"categories":[2],"tags":[],"class_list":["post-151073","post","type-post","status-publish","format-standard","has-post-thumbnail","hentry","category-geral"],"_links":{"self":[{"href":"https:\/\/www.caririemacao.com\/1\/wp-json\/wp\/v2\/posts\/151073","targetHints":{"allow":["GET"]}}],"collection":[{"href":"https:\/\/www.caririemacao.com\/1\/wp-json\/wp\/v2\/posts"}],"about":[{"href":"https:\/\/www.caririemacao.com\/1\/wp-json\/wp\/v2\/types\/post"}],"author":[{"embeddable":true,"href":"https:\/\/www.caririemacao.com\/1\/wp-json\/wp\/v2\/users\/1"}],"replies":[{"embeddable":true,"href":"https:\/\/www.caririemacao.com\/1\/wp-json\/wp\/v2\/comments?post=151073"}],"version-history":[{"count":1,"href":"https:\/\/www.caririemacao.com\/1\/wp-json\/wp\/v2\/posts\/151073\/revisions"}],"predecessor-version":[{"id":151076,"href":"https:\/\/www.caririemacao.com\/1\/wp-json\/wp\/v2\/posts\/151073\/revisions\/151076"}],"wp:featuredmedia":[{"embeddable":true,"href":"https:\/\/www.caririemacao.com\/1\/wp-json\/wp\/v2\/media\/151075"}],"wp:attachment":[{"href":"https:\/\/www.caririemacao.com\/1\/wp-json\/wp\/v2\/media?parent=151073"}],"wp:term":[{"taxonomy":"category","embeddable":true,"href":"https:\/\/www.caririemacao.com\/1\/wp-json\/wp\/v2\/categories?post=151073"},{"taxonomy":"post_tag","embeddable":true,"href":"https:\/\/www.caririemacao.com\/1\/wp-json\/wp\/v2\/tags?post=151073"}],"curies":[{"name":"wp","href":"https:\/\/api.w.org\/{rel}","templated":true}]}}