{"id":151078,"date":"2020-02-03T09:03:43","date_gmt":"2020-02-03T12:03:43","guid":{"rendered":"http:\/\/www.caririemacao.com\/1\/?p=151078"},"modified":"2020-02-03T09:04:38","modified_gmt":"2020-02-03T12:04:38","slug":"governo-faz-consulta-sobre-regulacao-da-publicidade-infantil","status":"publish","type":"post","link":"https:\/\/www.caririemacao.com\/1\/2020\/02\/03\/governo-faz-consulta-sobre-regulacao-da-publicidade-infantil\/","title":{"rendered":"Governo faz consulta sobre regula\u00e7\u00e3o da publicidade infantil"},"content":{"rendered":"\n<p>O Minist\u00e9rio da Justi\u00e7a e Seguran\u00e7a P\u00fablica (MJSP)&nbsp;abriu consulta p\u00fablica para avaliar uma proposta de norma para regulamenta\u00e7\u00e3o da publicidade direcionada ao p\u00fablico infantil. A sondagem ficar\u00e1 aberta at\u00e9 o dia&nbsp;27 de fevereiro, no&nbsp;<a href=\"https:\/\/forms.office.com\/Pages\/ResponsePage.aspx?id=IAQJ60xE90OR8kuNpr_o4eOsh6yq0y5Fmqk2FcJrCHpUNUNIVzlaQlFSWTE2OU5WU0RDQVZBSkpJMi4u\" target=\"_blank\" rel=\"noreferrer noopener\"><em>site<\/em><\/a>&nbsp;do \u00f3rg\u00e3o. Para algumas organiza\u00e7\u00f5es da sociedade civil, contudo, a pr\u00e1tica \u00e9 ilegal e a iniciativa pode abrir espa\u00e7o para a sua permiss\u00e3o.<\/p>\n\n\n\n<p>Segundo a proposta do MJSP, o an\u00fancio seria permitido desde que preservasse \u201co direito ao desenvolvimento f\u00edsico, mental, moral, espiritual e social da crian\u00e7a, em condi\u00e7\u00f5es de liberdade e de dignidade\u201d e n\u00e3o dirigisse \u201cdiretamente apelo imperativo de consumo\u201d.<\/p>\n\n\n\n<p>O texto veta outras pr\u00e1ticas, como provocar discrimina\u00e7\u00e3o, colocar crian\u00e7as em situa\u00e7\u00f5es incompat\u00edvel com sua condi\u00e7\u00e3o de \u201chipervulnerabilidade\u201d, empregar crian\u00e7as como modelos para vocalizar sugest\u00e3o de consumo, utilizar formato jornal\u00edstico, afirmar caracter\u00edsticas espec\u00edficas encontradas em todos os produtos e exibir situa\u00e7\u00f5es geradoras de press\u00e3o ou medo.<\/p>\n\n\n\n<p>Tamb\u00e9m \u00e9 proibida a pr\u00e1tica de merchandising voltada a crian\u00e7as, obrigando que os an\u00fancios sejam veiculados apenas durante os intervalos comerciais, e n\u00e3o dentro dos conte\u00fados. Esse tipo de publicidade ficaria permitida apenas direcionada a adultos.<\/p>\n\n\n\n<p>J\u00e1 pe\u00e7as de promo\u00e7\u00e3o de refrigerantes n\u00e3o poder\u00e3o utilizar modelos \u201cmuito acima ou abaixo do peso normal\u201d. Crian\u00e7as n\u00e3o poderiam participar como atores ou figurantes em an\u00fancios de bebidas alco\u00f3licas. J\u00e1 mensagens publicit\u00e1rias de rem\u00e9dios n\u00e3o poderiam induzir ao consumo pelo p\u00fablico infantil.<\/p>\n\n\n\n<p>A proposta estabelece um conjunto de diretrizes para os an\u00fancios destinados ao p\u00fablico infantil, como contribuir para rela\u00e7\u00f5es familiares positivas, respeitar dignidade e inexperi\u00eancia, respeitar as caracter\u00edsticas do p\u00fablico-alvo e evitar mensagens que promovam um comportamento \u201cincompat\u00edvel com a conviv\u00eancia civilizada em sociedade\u201d.<\/p>\n\n\n\n<p>O C\u00f3digo de Defesa do Consumidor elenca entre o que classifica de pr\u00e1tica abusiva. Diz o texto: \u201c\u00c9 abusiva, dentre outras a publicidade discriminat\u00f3ria de qualquer natureza, a que incite \u00e0 viol\u00eancia, explore o medo ou a supersti\u00e7\u00e3o, se aproveite da defici\u00eancia de julgamento e experi\u00eancia da crian\u00e7a, desrespeita valores ambientais, ou que seja capaz de induzir o consumidor a se comportar de forma prejudicial ou perigosa \u00e0 sua sa\u00fade ou seguran\u00e7a\u201d.<\/p>\n\n\n\n<p>Na avalia\u00e7\u00e3o da entidade, essa veda\u00e7\u00e3o da Lei, a Constitui\u00e7\u00e3o Federal e o Estatuto da Crian\u00e7a e do Adolescente conformariam uma normatiza\u00e7\u00e3o que proibiria a publicidade infantil. Na nota, a associa\u00e7\u00e3o destaca que este entendimento tem sido refor\u00e7ado em decis\u00f5es judiciais pelo Superior Tribunal de Justi\u00e7a (STJ).<\/p>\n","protected":false},"excerpt":{"rendered":"<p>O Minist\u00e9rio da Justi\u00e7a e Seguran\u00e7a P\u00fablica (MJSP)&nbsp;abriu consulta p\u00fablica para avaliar uma proposta de norma para regulamenta\u00e7\u00e3o da publicidade direcionada ao p\u00fablico infantil. A&hellip; <\/p>\n","protected":false},"author":1,"featured_media":151079,"comment_status":"closed","ping_status":"closed","sticky":false,"template":"","format":"standard","meta":{"sfsi_plus_gutenberg_text_before_share":"","sfsi_plus_gutenberg_show_text_before_share":"","sfsi_plus_gutenberg_icon_type":"","sfsi_plus_gutenberg_icon_alignemt":"","sfsi_plus_gutenburg_max_per_row":"","footnotes":""},"categories":[11],"tags":[],"class_list":["post-151078","post","type-post","status-publish","format-standard","has-post-thumbnail","hentry","category-politica"],"_links":{"self":[{"href":"https:\/\/www.caririemacao.com\/1\/wp-json\/wp\/v2\/posts\/151078","targetHints":{"allow":["GET"]}}],"collection":[{"href":"https:\/\/www.caririemacao.com\/1\/wp-json\/wp\/v2\/posts"}],"about":[{"href":"https:\/\/www.caririemacao.com\/1\/wp-json\/wp\/v2\/types\/post"}],"author":[{"embeddable":true,"href":"https:\/\/www.caririemacao.com\/1\/wp-json\/wp\/v2\/users\/1"}],"replies":[{"embeddable":true,"href":"https:\/\/www.caririemacao.com\/1\/wp-json\/wp\/v2\/comments?post=151078"}],"version-history":[{"count":2,"href":"https:\/\/www.caririemacao.com\/1\/wp-json\/wp\/v2\/posts\/151078\/revisions"}],"predecessor-version":[{"id":151081,"href":"https:\/\/www.caririemacao.com\/1\/wp-json\/wp\/v2\/posts\/151078\/revisions\/151081"}],"wp:featuredmedia":[{"embeddable":true,"href":"https:\/\/www.caririemacao.com\/1\/wp-json\/wp\/v2\/media\/151079"}],"wp:attachment":[{"href":"https:\/\/www.caririemacao.com\/1\/wp-json\/wp\/v2\/media?parent=151078"}],"wp:term":[{"taxonomy":"category","embeddable":true,"href":"https:\/\/www.caririemacao.com\/1\/wp-json\/wp\/v2\/categories?post=151078"},{"taxonomy":"post_tag","embeddable":true,"href":"https:\/\/www.caririemacao.com\/1\/wp-json\/wp\/v2\/tags?post=151078"}],"curies":[{"name":"wp","href":"https:\/\/api.w.org\/{rel}","templated":true}]}}