{"id":151104,"date":"2020-02-03T09:18:33","date_gmt":"2020-02-03T12:18:33","guid":{"rendered":"http:\/\/www.caririemacao.com\/1\/?p=151104"},"modified":"2020-02-03T09:18:35","modified_gmt":"2020-02-03T12:18:35","slug":"inscricoes-para-o-fies-comecam-na-proxima-quarta-feira-5","status":"publish","type":"post","link":"https:\/\/www.caririemacao.com\/1\/2020\/02\/03\/inscricoes-para-o-fies-comecam-na-proxima-quarta-feira-5\/","title":{"rendered":"Inscri\u00e7\u00f5es para o Fies come\u00e7am na pr\u00f3xima quarta-feira (5)"},"content":{"rendered":"\n<p>O governo federal autorizou a integraliza\u00e7\u00e3o de cotas no valor de R$ 500 milh\u00f5es de reais para o Fundo Garantidor do Fundo de Financiamento Estudantil (Fies).<\/p>\n\n\n\n<p>\u00c9 a terceira parcela de mesmo valor para a gest\u00e3o do programa.<\/p>\n\n\n\n<p>Os recursos para o Fies&nbsp; viabilizam o financiamento estudantil de milhares de estudantes com regras definidas.<\/p>\n\n\n\n<p>O comit\u00ea gestor do Fies trabalha para aliar a pol\u00edtica de acesso \u00e0 educa\u00e7\u00e3o superior com&nbsp; responsabilidade or\u00e7ament\u00e1ria, financeira e fiscal.<\/p>\n\n\n\n<p>As inscri\u00e7\u00f5es para a edi\u00e7\u00e3o do Fies no primeiro semestre de 2020 est\u00e3o previstas para 5 a 12 de fevereiro.<\/p>\n\n\n\n<p>O programa est\u00e1 dividido em duas modalidades: juros zero e dispensa de fiador para os estudantes com renda familiar de at\u00e9 um e&nbsp; meio sal\u00e1rio m\u00ednimo por pessoa sem juros&nbsp;&nbsp; e a segunda com a necessidade de fiador, para os estudantes com renda familiar de at\u00e9 3 sal\u00e1rios m\u00ednimos por pessoa.<\/p>\n","protected":false},"excerpt":{"rendered":"<p>O governo federal autorizou a integraliza\u00e7\u00e3o de cotas no valor de R$ 500 milh\u00f5es de reais para o Fundo Garantidor do Fundo de Financiamento Estudantil&hellip; <\/p>\n","protected":false},"author":1,"featured_media":113811,"comment_status":"closed","ping_status":"closed","sticky":false,"template":"","format":"standard","meta":{"sfsi_plus_gutenberg_text_before_share":"","sfsi_plus_gutenberg_show_text_before_share":"","sfsi_plus_gutenberg_icon_type":"","sfsi_plus_gutenberg_icon_alignemt":"","sfsi_plus_gutenburg_max_per_row":"","footnotes":""},"categories":[50,14],"tags":[],"class_list":["post-151104","post","type-post","status-publish","format-standard","has-post-thumbnail","hentry","category-destaque","category-educacao"],"_links":{"self":[{"href":"https:\/\/www.caririemacao.com\/1\/wp-json\/wp\/v2\/posts\/151104","targetHints":{"allow":["GET"]}}],"collection":[{"href":"https:\/\/www.caririemacao.com\/1\/wp-json\/wp\/v2\/posts"}],"about":[{"href":"https:\/\/www.caririemacao.com\/1\/wp-json\/wp\/v2\/types\/post"}],"author":[{"embeddable":true,"href":"https:\/\/www.caririemacao.com\/1\/wp-json\/wp\/v2\/users\/1"}],"replies":[{"embeddable":true,"href":"https:\/\/www.caririemacao.com\/1\/wp-json\/wp\/v2\/comments?post=151104"}],"version-history":[{"count":1,"href":"https:\/\/www.caririemacao.com\/1\/wp-json\/wp\/v2\/posts\/151104\/revisions"}],"predecessor-version":[{"id":151105,"href":"https:\/\/www.caririemacao.com\/1\/wp-json\/wp\/v2\/posts\/151104\/revisions\/151105"}],"wp:featuredmedia":[{"embeddable":true,"href":"https:\/\/www.caririemacao.com\/1\/wp-json\/wp\/v2\/media\/113811"}],"wp:attachment":[{"href":"https:\/\/www.caririemacao.com\/1\/wp-json\/wp\/v2\/media?parent=151104"}],"wp:term":[{"taxonomy":"category","embeddable":true,"href":"https:\/\/www.caririemacao.com\/1\/wp-json\/wp\/v2\/categories?post=151104"},{"taxonomy":"post_tag","embeddable":true,"href":"https:\/\/www.caririemacao.com\/1\/wp-json\/wp\/v2\/tags?post=151104"}],"curies":[{"name":"wp","href":"https:\/\/api.w.org\/{rel}","templated":true}]}}