{"id":151119,"date":"2020-02-03T09:28:49","date_gmt":"2020-02-03T12:28:49","guid":{"rendered":"http:\/\/www.caririemacao.com\/1\/?p=151119"},"modified":"2020-02-03T09:28:51","modified_gmt":"2020-02-03T12:28:51","slug":"acude-do-congo-recebe-recarga-e-volume-dagua-sobe-mais-de-um-metro-na-lamina","status":"publish","type":"post","link":"https:\/\/www.caririemacao.com\/1\/2020\/02\/03\/acude-do-congo-recebe-recarga-e-volume-dagua-sobe-mais-de-um-metro-na-lamina\/","title":{"rendered":"A\u00e7ude do Congo recebe recarga e volume d\u2019\u00e1gua sobe mais de um metro na l\u00e2mina"},"content":{"rendered":"\n<p> Com as chuvas registradas na regi\u00e3o do Cariri paraibano durante o final de semana, o A\u00e7ude dos Cordeiros, localizado no munic\u00edpio do Congo, recebeu uma consider\u00e1vel recarga e teve um aumento de 1,2 metros na sua l\u00e2mina de \u00e1gua.<\/p>\n\n\n\n<p>O manancial \u00e9 respons\u00e1vel pelo abastecimento do Congo e de outras cidades como Serra Branca, S\u00e3o Jo\u00e3o do Cariri e outras cidades da regi\u00e3o.<\/p>\n\n\n\n<p><strong>Blog do Bruno Lira<\/strong><\/p>\n","protected":false},"excerpt":{"rendered":"<p>Com as chuvas registradas na regi\u00e3o do Cariri paraibano durante o final de semana, o A\u00e7ude dos Cordeiros, localizado no munic\u00edpio do Congo, recebeu uma&hellip; <\/p>\n","protected":false},"author":1,"featured_media":151122,"comment_status":"closed","ping_status":"closed","sticky":false,"template":"","format":"standard","meta":{"sfsi_plus_gutenberg_text_before_share":"","sfsi_plus_gutenberg_show_text_before_share":"","sfsi_plus_gutenberg_icon_type":"","sfsi_plus_gutenberg_icon_alignemt":"","sfsi_plus_gutenburg_max_per_row":"","footnotes":""},"categories":[2],"tags":[],"class_list":["post-151119","post","type-post","status-publish","format-standard","has-post-thumbnail","hentry","category-geral"],"_links":{"self":[{"href":"https:\/\/www.caririemacao.com\/1\/wp-json\/wp\/v2\/posts\/151119","targetHints":{"allow":["GET"]}}],"collection":[{"href":"https:\/\/www.caririemacao.com\/1\/wp-json\/wp\/v2\/posts"}],"about":[{"href":"https:\/\/www.caririemacao.com\/1\/wp-json\/wp\/v2\/types\/post"}],"author":[{"embeddable":true,"href":"https:\/\/www.caririemacao.com\/1\/wp-json\/wp\/v2\/users\/1"}],"replies":[{"embeddable":true,"href":"https:\/\/www.caririemacao.com\/1\/wp-json\/wp\/v2\/comments?post=151119"}],"version-history":[{"count":1,"href":"https:\/\/www.caririemacao.com\/1\/wp-json\/wp\/v2\/posts\/151119\/revisions"}],"predecessor-version":[{"id":151123,"href":"https:\/\/www.caririemacao.com\/1\/wp-json\/wp\/v2\/posts\/151119\/revisions\/151123"}],"wp:featuredmedia":[{"embeddable":true,"href":"https:\/\/www.caririemacao.com\/1\/wp-json\/wp\/v2\/media\/151122"}],"wp:attachment":[{"href":"https:\/\/www.caririemacao.com\/1\/wp-json\/wp\/v2\/media?parent=151119"}],"wp:term":[{"taxonomy":"category","embeddable":true,"href":"https:\/\/www.caririemacao.com\/1\/wp-json\/wp\/v2\/categories?post=151119"},{"taxonomy":"post_tag","embeddable":true,"href":"https:\/\/www.caririemacao.com\/1\/wp-json\/wp\/v2\/tags?post=151119"}],"curies":[{"name":"wp","href":"https:\/\/api.w.org\/{rel}","templated":true}]}}