{"id":151133,"date":"2020-02-03T11:42:36","date_gmt":"2020-02-03T14:42:36","guid":{"rendered":"http:\/\/www.caririemacao.com\/1\/?p=151133"},"modified":"2020-02-03T11:42:37","modified_gmt":"2020-02-03T14:42:37","slug":"servidores-efetivos-da-fundac-paralisam-as-atividades-a-partir-desta-segunda","status":"publish","type":"post","link":"https:\/\/www.caririemacao.com\/1\/2020\/02\/03\/servidores-efetivos-da-fundac-paralisam-as-atividades-a-partir-desta-segunda\/","title":{"rendered":"Servidores efetivos da  FUNDAC paralisam as atividades a partir desta segunda"},"content":{"rendered":"\n<p>Os servidores efetivos da Funda\u00e7\u00e3o Desenvolvimento da Crian\u00e7a e do<br> Adolescente (FUNDAC) paralisam as atividades em todas as atividades socioeducativas do estado a<br> partir desta segunda-feira (3). <\/p>\n\n\n\n<p>A categoria protesta contra a falta de tramita\u00e7\u00e3o do projeto de revis\u00e3o do Plano de Cargo, Carreira e Remunera\u00e7\u00e3o (PCCR) e<br> contra a reforma da Previd\u00eancia.<br> Pelo menos 30% dos servidores deve trabalhar para garantir e manter o funcionamento das unidades. Conforme o Sindicato dos Trabalhadores da Fundac (Sintac), o PCCR n\u00e3o \u00e9 atualizado desde o ano de 2014. <\/p>\n\n\n\n<p>Os servidores efetivos s\u00e3o da \u00e1rea<br> administrativa, psicologia, assistente social, pedagogos, t\u00e9cnicos em educa\u00e7\u00e3o, instrutores ocupacional e pessoal da \u00e1rea de sa\u00fade. O Sintac aponta tamb\u00e9m que as propostas apresentadas em audi\u00eancias de negocia\u00e7\u00e3o com secretarias estaduais n\u00e3o foram atendidas.<br> De acordo com a assessoria de comunica\u00e7\u00e3o da Fundac, a institui\u00e7\u00e3o foi pega de surpresa porque houve uma reuni\u00e3o com a categoria em que apresentou uma proposta levada ao Governo do Estado. Como n\u00e3o foi poss\u00edvel entrar em um acordo, seria marcada uma nova data para apresenta\u00e7\u00e3o de<br> uma contraproposta aos servidores.<\/p>\n","protected":false},"excerpt":{"rendered":"<p>Os servidores efetivos da Funda\u00e7\u00e3o Desenvolvimento da Crian\u00e7a e do Adolescente (FUNDAC) paralisam as atividades em todas as atividades socioeducativas do estado a partir desta&hellip; <\/p>\n","protected":false},"author":2,"featured_media":151135,"comment_status":"closed","ping_status":"closed","sticky":false,"template":"","format":"standard","meta":{"sfsi_plus_gutenberg_text_before_share":"","sfsi_plus_gutenberg_show_text_before_share":"","sfsi_plus_gutenberg_icon_type":"","sfsi_plus_gutenberg_icon_alignemt":"","sfsi_plus_gutenburg_max_per_row":"","footnotes":""},"categories":[50,11],"tags":[],"class_list":["post-151133","post","type-post","status-publish","format-standard","has-post-thumbnail","hentry","category-destaque","category-politica"],"_links":{"self":[{"href":"https:\/\/www.caririemacao.com\/1\/wp-json\/wp\/v2\/posts\/151133","targetHints":{"allow":["GET"]}}],"collection":[{"href":"https:\/\/www.caririemacao.com\/1\/wp-json\/wp\/v2\/posts"}],"about":[{"href":"https:\/\/www.caririemacao.com\/1\/wp-json\/wp\/v2\/types\/post"}],"author":[{"embeddable":true,"href":"https:\/\/www.caririemacao.com\/1\/wp-json\/wp\/v2\/users\/2"}],"replies":[{"embeddable":true,"href":"https:\/\/www.caririemacao.com\/1\/wp-json\/wp\/v2\/comments?post=151133"}],"version-history":[{"count":1,"href":"https:\/\/www.caririemacao.com\/1\/wp-json\/wp\/v2\/posts\/151133\/revisions"}],"predecessor-version":[{"id":151136,"href":"https:\/\/www.caririemacao.com\/1\/wp-json\/wp\/v2\/posts\/151133\/revisions\/151136"}],"wp:featuredmedia":[{"embeddable":true,"href":"https:\/\/www.caririemacao.com\/1\/wp-json\/wp\/v2\/media\/151135"}],"wp:attachment":[{"href":"https:\/\/www.caririemacao.com\/1\/wp-json\/wp\/v2\/media?parent=151133"}],"wp:term":[{"taxonomy":"category","embeddable":true,"href":"https:\/\/www.caririemacao.com\/1\/wp-json\/wp\/v2\/categories?post=151133"},{"taxonomy":"post_tag","embeddable":true,"href":"https:\/\/www.caririemacao.com\/1\/wp-json\/wp\/v2\/tags?post=151133"}],"curies":[{"name":"wp","href":"https:\/\/api.w.org\/{rel}","templated":true}]}}