{"id":151137,"date":"2020-02-03T11:52:18","date_gmt":"2020-02-03T14:52:18","guid":{"rendered":"http:\/\/www.caririemacao.com\/1\/?p=151137"},"modified":"2020-02-03T11:52:19","modified_gmt":"2020-02-03T14:52:19","slug":"idoso-de-82-anos-e-encontrado-morto-com-faca-cravada-na-boca-em-bananeiras","status":"publish","type":"post","link":"https:\/\/www.caririemacao.com\/1\/2020\/02\/03\/idoso-de-82-anos-e-encontrado-morto-com-faca-cravada-na-boca-em-bananeiras\/","title":{"rendered":"Idoso de 82 anos \u00e9 encontrado morto com faca cravada na boca, em Bananeiras"},"content":{"rendered":"\n<p>Um idoso de 82 anos foi encontrado<br> morto com sinais de viol\u00eancia na manh\u00e3<br> deste domingo (2) no S\u00edtio Goiamanduba, Zona Rural de Bananeiras, no Brejo da Para\u00edba.<br> <br> Ant\u00f4nio Bezerra de Lima, conhecido por Ant\u00f4nio Lombo, estava em cima da cama com v\u00e1rios hematomas no corpo e uma faca de mesa cravada na boca. O colch\u00e3o ficou todo ensanguentado.<br> As primeiras informa\u00e7\u00f5es apontavam que a v\u00edtima tinha sido assassinada mas, por volta das 07h30 desta segunda-feira (3) as Pol\u00edcias Militar e Civil confirmaram que o perito e o m\u00e9dico legista conclu\u00edram que foi suic\u00eddio.<br> O idoso residia sozinho. O corpo foi examinado e removido ao N\u00facleo de Medicina Odonto-Legal (NUMOL) de Guarabira para ser submetido a exames. <\/p>\n\n\n\n<p>Fonte: Da Reda\u00e7\u00e3o, com Pedro J\u00fanior<br> <\/p>\n","protected":false},"excerpt":{"rendered":"<p>Um idoso de 82 anos foi encontrado morto com sinais de viol\u00eancia na manh\u00e3 deste domingo (2) no S\u00edtio Goiamanduba, Zona Rural de Bananeiras, no&hellip; <\/p>\n","protected":false},"author":2,"featured_media":22508,"comment_status":"closed","ping_status":"closed","sticky":false,"template":"","format":"standard","meta":{"sfsi_plus_gutenberg_text_before_share":"","sfsi_plus_gutenberg_show_text_before_share":"","sfsi_plus_gutenberg_icon_type":"","sfsi_plus_gutenberg_icon_alignemt":"","sfsi_plus_gutenburg_max_per_row":"","footnotes":""},"categories":[50,12],"tags":[],"class_list":["post-151137","post","type-post","status-publish","format-standard","has-post-thumbnail","hentry","category-destaque","category-policia"],"_links":{"self":[{"href":"https:\/\/www.caririemacao.com\/1\/wp-json\/wp\/v2\/posts\/151137","targetHints":{"allow":["GET"]}}],"collection":[{"href":"https:\/\/www.caririemacao.com\/1\/wp-json\/wp\/v2\/posts"}],"about":[{"href":"https:\/\/www.caririemacao.com\/1\/wp-json\/wp\/v2\/types\/post"}],"author":[{"embeddable":true,"href":"https:\/\/www.caririemacao.com\/1\/wp-json\/wp\/v2\/users\/2"}],"replies":[{"embeddable":true,"href":"https:\/\/www.caririemacao.com\/1\/wp-json\/wp\/v2\/comments?post=151137"}],"version-history":[{"count":1,"href":"https:\/\/www.caririemacao.com\/1\/wp-json\/wp\/v2\/posts\/151137\/revisions"}],"predecessor-version":[{"id":151138,"href":"https:\/\/www.caririemacao.com\/1\/wp-json\/wp\/v2\/posts\/151137\/revisions\/151138"}],"wp:featuredmedia":[{"embeddable":true,"href":"https:\/\/www.caririemacao.com\/1\/wp-json\/wp\/v2\/media\/22508"}],"wp:attachment":[{"href":"https:\/\/www.caririemacao.com\/1\/wp-json\/wp\/v2\/media?parent=151137"}],"wp:term":[{"taxonomy":"category","embeddable":true,"href":"https:\/\/www.caririemacao.com\/1\/wp-json\/wp\/v2\/categories?post=151137"},{"taxonomy":"post_tag","embeddable":true,"href":"https:\/\/www.caririemacao.com\/1\/wp-json\/wp\/v2\/tags?post=151137"}],"curies":[{"name":"wp","href":"https:\/\/api.w.org\/{rel}","templated":true}]}}