{"id":151142,"date":"2020-02-03T12:26:35","date_gmt":"2020-02-03T15:26:35","guid":{"rendered":"http:\/\/www.caririemacao.com\/1\/?p=151142"},"modified":"2020-02-03T12:26:36","modified_gmt":"2020-02-03T15:26:36","slug":"sume-prefeito-eden-duarte-e-deputado-wellington-roberto-anunciam-construcao-de-escola","status":"publish","type":"post","link":"https:\/\/www.caririemacao.com\/1\/2020\/02\/03\/sume-prefeito-eden-duarte-e-deputado-wellington-roberto-anunciam-construcao-de-escola\/","title":{"rendered":"SUM\u00c9: prefeito \u00c9den Duarte e deputado Wellington Roberto anunciam constru\u00e7\u00e3o de Escola"},"content":{"rendered":"\n<p>Mais um grande investimento ser\u00e1 feito em Sum\u00e9 no setor da Educa\u00e7\u00e3o do munic\u00edpio. Ap\u00f3s a aplica\u00e7\u00e3o do ensino integral, inaugura\u00e7\u00e3o da Creche Anita Garibaldi, entrega da nova escola Maria Leite Rafael e constru\u00e7\u00e3o do Centro de Forma\u00e7\u00e3o dos Professores, que j\u00e1 est\u00e1 em andamento, o prefeito \u00c9den Duarte anuncia a constru\u00e7\u00e3o de mais uma escola no munic\u00edpio.<\/p>\n\n\n\n<p>A unidade escolar ser\u00e1 viabilizada a partir de recursos destinados pelo deputado federal Wellington Roberto ao Governo do Estado da Para\u00edba, representando uma parceria entre o Estado e a prefeitura do munic\u00edpio num investimento de R$ 4 milh\u00f5es, deste total, R$ 750 mil j\u00e1 est\u00e3o creditados na conta do Governo.<\/p>\n\n\n\n<p>Este \u00e9 mais um projeto de fortalecimento da Educa\u00e7\u00e3o realizado na gest\u00e3o do prefeito \u00c9den. De forma pioneira na regi\u00e3o, ele implantou o ensino integral na rede municipal, inicialmente na Escola Maria Leite Rafael e em 2019 nas Escolas Padre Paulo Roberto, Manoel In\u00e1cio e Escola Jo\u00e3o de Sousa, estas duas na zona rural e em tempo semi-integral. Al\u00e9m das disciplinas da grade curricular, os estudantes tem atividades de cultura, arte, esporte, ci\u00eancia e tecnologia.<\/p>\n\n\n\n<p><strong>Mais a\u00e7\u00f5es:<\/strong>&nbsp;Al\u00e9m do ensino integral, outros projetos inovadores est\u00e3o marcando a administra\u00e7\u00e3o no setor Educa\u00e7\u00e3o: o Programa Alfaletra e o Programa Educare; O Alfaletra objetiva ajudar alunos do 1\u00b0 ao 5\u00b0 ano que tenham dificuldades de leitura e produ\u00e7\u00e3o de texto. J\u00e1 o Educare, atende alunos do Fundamental II que tenham diverg\u00eancia entre idade\/s\u00e9rie.<\/p>\n\n\n\n<p>Investimentos na pr\u00e1tica esportiva de jud\u00f4; reforma, amplia\u00e7\u00e3o e climatiza\u00e7\u00e3o da Escola Manoel In\u00e1cio, climatiza\u00e7\u00e3o da Escola Jo\u00e3o de Sousa, reforma da quadra da Escola Agrot\u00e9cnica, aquisi\u00e7\u00e3o de livros did\u00e1ticos de Portugu\u00eas e Matem\u00e1tica para as creches do munic\u00edpio; Programa Sa\u00fade na Escola; implanta\u00e7\u00e3o do sistema de gest\u00e3o educacional com a emiss\u00e3o de notas e di\u00e1rios de classe online, possibilitando a economia de papel e contribuindo com a preserva\u00e7\u00e3o do meio ambiente; realiza\u00e7\u00e3o de dois concursos p\u00fablicos e oito processos seletivos para a contrata\u00e7\u00e3o de profissionais na \u00e1rea da Educa\u00e7\u00e3o e muitas outros projetos.<\/p>\n\n\n\n<p>Ascom<\/p>\n","protected":false},"excerpt":{"rendered":"<p>Mais um grande investimento ser\u00e1 feito em Sum\u00e9 no setor da Educa\u00e7\u00e3o do munic\u00edpio. Ap\u00f3s a aplica\u00e7\u00e3o do ensino integral, inaugura\u00e7\u00e3o da Creche Anita Garibaldi,&hellip; <\/p>\n","protected":false},"author":2,"featured_media":151143,"comment_status":"closed","ping_status":"closed","sticky":false,"template":"","format":"standard","meta":{"sfsi_plus_gutenberg_text_before_share":"","sfsi_plus_gutenberg_show_text_before_share":"","sfsi_plus_gutenberg_icon_type":"","sfsi_plus_gutenberg_icon_alignemt":"","sfsi_plus_gutenburg_max_per_row":"","footnotes":""},"categories":[50,11],"tags":[],"class_list":["post-151142","post","type-post","status-publish","format-standard","has-post-thumbnail","hentry","category-destaque","category-politica"],"_links":{"self":[{"href":"https:\/\/www.caririemacao.com\/1\/wp-json\/wp\/v2\/posts\/151142","targetHints":{"allow":["GET"]}}],"collection":[{"href":"https:\/\/www.caririemacao.com\/1\/wp-json\/wp\/v2\/posts"}],"about":[{"href":"https:\/\/www.caririemacao.com\/1\/wp-json\/wp\/v2\/types\/post"}],"author":[{"embeddable":true,"href":"https:\/\/www.caririemacao.com\/1\/wp-json\/wp\/v2\/users\/2"}],"replies":[{"embeddable":true,"href":"https:\/\/www.caririemacao.com\/1\/wp-json\/wp\/v2\/comments?post=151142"}],"version-history":[{"count":1,"href":"https:\/\/www.caririemacao.com\/1\/wp-json\/wp\/v2\/posts\/151142\/revisions"}],"predecessor-version":[{"id":151144,"href":"https:\/\/www.caririemacao.com\/1\/wp-json\/wp\/v2\/posts\/151142\/revisions\/151144"}],"wp:featuredmedia":[{"embeddable":true,"href":"https:\/\/www.caririemacao.com\/1\/wp-json\/wp\/v2\/media\/151143"}],"wp:attachment":[{"href":"https:\/\/www.caririemacao.com\/1\/wp-json\/wp\/v2\/media?parent=151142"}],"wp:term":[{"taxonomy":"category","embeddable":true,"href":"https:\/\/www.caririemacao.com\/1\/wp-json\/wp\/v2\/categories?post=151142"},{"taxonomy":"post_tag","embeddable":true,"href":"https:\/\/www.caririemacao.com\/1\/wp-json\/wp\/v2\/tags?post=151142"}],"curies":[{"name":"wp","href":"https:\/\/api.w.org\/{rel}","templated":true}]}}