{"id":151145,"date":"2020-02-03T12:53:50","date_gmt":"2020-02-03T15:53:50","guid":{"rendered":"http:\/\/www.caririemacao.com\/1\/?p=151145"},"modified":"2020-02-03T12:53:52","modified_gmt":"2020-02-03T15:53:52","slug":"sume-prefeitura-inicia-triagem-para-nova-etapa-de-implantes-dentarios","status":"publish","type":"post","link":"https:\/\/www.caririemacao.com\/1\/2020\/02\/03\/sume-prefeitura-inicia-triagem-para-nova-etapa-de-implantes-dentarios\/","title":{"rendered":"SUM\u00c9: prefeitura inicia triagem para nova etapa de implantes dent\u00e1rios"},"content":{"rendered":"\n<p>A Prefeitura de Sum\u00e9 retomou o programa de implantes dent\u00e1rios na \u00faltima quinta- feira (30\/01) aconteceram as triagens para os usu\u00e1rios do SUS que fazem parte dos munic\u00edpios da 5\u00aa regi\u00e3o de Sa\u00fade.<\/p>\n\n\n\n<p>Em um primeiro momento os interessados que precisam do servi\u00e7o devem passar pelo dentista da unidade de sa\u00fade que dar\u00e1 o encaminhamento necess\u00e1rio para o Centro de Especialidades Odontol\u00f3gicas (CEO), onde ser\u00e3o realizados os implantes.<\/p>\n\n\n\n<p>Ao chegar no CEO, a equipe realiza a triagem e solicita exames de imagens ou panor\u00e2mica e exames de sangue para avalia\u00e7\u00e3o do paciente.<\/p>\n\n\n\n<p>De acordo com a especialista em implantes, a odont\u00f3loga Lily Medeiros, Sum\u00e9 e a regi\u00e3o est\u00e3o de parab\u00e9ns em realizar um programa t\u00e3o importante. \u201cOfertar implantes de forma gratuita \u00e9 uma grande oportunidade para as pessoas que mais precisam, temos todas as condi\u00e7\u00f5es e uma equipe pronta para atender os usu\u00e1rios\u201d, afirmou.<\/p>\n\n\n\n<p>Lily Medeiros informou ainda que os pacientes que realizam implantes recebem todas as medica\u00e7\u00f5es necess\u00e1rias. \u201cOs nossos usu\u00e1rios devem ficar em repouso de dois a tr\u00eas dias, \u00e9 importante ainda a higieniza\u00e7\u00e3o e cuidados com o dente implantando\u201d, informou.<\/p>\n\n\n\n<p>Dona Iolanda Farias, que passou pela triagem, disse que estava esperando ansiosamente pela volta dos implantes. \u201cUma vontade muito grande minha, mas n\u00e3o podia, n\u00e3o tinha condi\u00e7\u00f5es e agora estou tento a oportunidade de fazer pela Prefeitura, isso \u00e9 muito bom acontecer aqui em Sum\u00e9, muitas pessoas precisam e n\u00e3o t\u00eam condi\u00e7\u00f5es de fazer\u201d, declarou.<\/p>\n\n\n\n<p>O servi\u00e7o \u00e9 gratuito para a popula\u00e7\u00e3o, sendo custeado por cada munic\u00edpio. Normalmente o pre\u00e7o de um implante dent\u00e1rio com um profissional particular pode variar entre R$ 4 mil e R$ 6 mil. Sum\u00e9 foi o primeiro munic\u00edpio no Nordeste brasileiro a oferecer o servi\u00e7o gratuitamente.<\/p>\n\n\n\n<p>O programa contempla os munic\u00edpios que comp\u00f5em a 5\u00aa&nbsp; Regi\u00e3o de Sa\u00fade do Cariri Ocidental, que s\u00e3o: Amparo, Camala\u00fa, Cara\u00fabas, Congo, Coxixola, Gurj\u00e3o, Livramento, Monteiro, Ouro Velho, Parari, S\u00e3o Jo\u00e3o do Cariri, S\u00e3o Jo\u00e3o do Tigre, S\u00e3o Jos\u00e9 dos Cordeiros, S\u00e3o Sebasti\u00e3o do Umbuzeiro, Serra Branca, Sum\u00e9 e Zabel\u00ea.<\/p>\n\n\n\n<p>Os usu\u00e1rios do SUS das demais cidades da regi\u00e3o do Cariri contempladas pelo programa precisam tamb\u00e9m passar pelo dentista da unidade de sa\u00fade que far\u00e1 a avalia\u00e7\u00e3o, em seguida devem procurar a Secretaria de Sa\u00fade do munic\u00edpio de origem que dar\u00e1 o encaminhamento para o CEO de Sum\u00e9.<\/p>\n\n\n\n<p>Ascom PMS<\/p>\n","protected":false},"excerpt":{"rendered":"<p>A Prefeitura de Sum\u00e9 retomou o programa de implantes dent\u00e1rios na \u00faltima quinta- feira (30\/01) aconteceram as triagens para os usu\u00e1rios do SUS que fazem&hellip; <\/p>\n","protected":false},"author":2,"featured_media":135301,"comment_status":"closed","ping_status":"closed","sticky":false,"template":"","format":"standard","meta":{"sfsi_plus_gutenberg_text_before_share":"","sfsi_plus_gutenberg_show_text_before_share":"","sfsi_plus_gutenberg_icon_type":"","sfsi_plus_gutenberg_icon_alignemt":"","sfsi_plus_gutenburg_max_per_row":"","footnotes":""},"categories":[50,11],"tags":[],"class_list":["post-151145","post","type-post","status-publish","format-standard","has-post-thumbnail","hentry","category-destaque","category-politica"],"_links":{"self":[{"href":"https:\/\/www.caririemacao.com\/1\/wp-json\/wp\/v2\/posts\/151145","targetHints":{"allow":["GET"]}}],"collection":[{"href":"https:\/\/www.caririemacao.com\/1\/wp-json\/wp\/v2\/posts"}],"about":[{"href":"https:\/\/www.caririemacao.com\/1\/wp-json\/wp\/v2\/types\/post"}],"author":[{"embeddable":true,"href":"https:\/\/www.caririemacao.com\/1\/wp-json\/wp\/v2\/users\/2"}],"replies":[{"embeddable":true,"href":"https:\/\/www.caririemacao.com\/1\/wp-json\/wp\/v2\/comments?post=151145"}],"version-history":[{"count":1,"href":"https:\/\/www.caririemacao.com\/1\/wp-json\/wp\/v2\/posts\/151145\/revisions"}],"predecessor-version":[{"id":151148,"href":"https:\/\/www.caririemacao.com\/1\/wp-json\/wp\/v2\/posts\/151145\/revisions\/151148"}],"wp:featuredmedia":[{"embeddable":true,"href":"https:\/\/www.caririemacao.com\/1\/wp-json\/wp\/v2\/media\/135301"}],"wp:attachment":[{"href":"https:\/\/www.caririemacao.com\/1\/wp-json\/wp\/v2\/media?parent=151145"}],"wp:term":[{"taxonomy":"category","embeddable":true,"href":"https:\/\/www.caririemacao.com\/1\/wp-json\/wp\/v2\/categories?post=151145"},{"taxonomy":"post_tag","embeddable":true,"href":"https:\/\/www.caririemacao.com\/1\/wp-json\/wp\/v2\/tags?post=151145"}],"curies":[{"name":"wp","href":"https:\/\/api.w.org\/{rel}","templated":true}]}}