{"id":151152,"date":"2020-02-03T12:58:35","date_gmt":"2020-02-03T15:58:35","guid":{"rendered":"http:\/\/www.caririemacao.com\/1\/?p=151152"},"modified":"2020-02-03T12:58:45","modified_gmt":"2020-02-03T15:58:45","slug":"pergunta-pra-pf-diz-bolsonaro-sobre-inquerito-que-livra-seu-filho-flavio-de-dois-crimes","status":"publish","type":"post","link":"https:\/\/www.caririemacao.com\/1\/2020\/02\/03\/pergunta-pra-pf-diz-bolsonaro-sobre-inquerito-que-livra-seu-filho-flavio-de-dois-crimes\/","title":{"rendered":"Pergunta pra PF diz Bolsonaro sobre inqu\u00e9rito que livra seu filho Fl\u00e1vio de dois crimes"},"content":{"rendered":"\n<p> Questionado na manh\u00e3 desta segunda-feira (3) em S\u00e3o Paulo sobre o fato de a Pol\u00edcia Federal ter conclu\u00eddo n\u00e3o haver ind\u00edcios de que o senador Fl\u00e1vio Bolsonaro (sem partido-RJ) tenha cometido os crimes de lavagem de dinheiro e de falsidade ideol\u00f3gica, o presidente Jair Bolsonaro se limitou a dizer: &#8220;Pergunta pra PF, eu n\u00e3o me meto nas quest\u00f5es do Judici\u00e1rio&#8221;.<\/p>\n\n\n\n<p>Reportagem da Folha de S.Paulo revelou que o filho do presidente se livrou em investiga\u00e7\u00e3o da Pol\u00edcia Federal no inqu\u00e9rito eleitoral que mira tanto as negocia\u00e7\u00f5es de im\u00f3veis como a sua declara\u00e7\u00e3o de bens na elei\u00e7\u00e3o de 2018. A previs\u00e3o \u00e9 a de que o relat\u00f3rio final da pol\u00edcia sobre o caso seja entregue \u00e0 Justi\u00e7a nos pr\u00f3ximos dias.<\/p>\n\n\n\n<p>Bolsonaro est\u00e1 na capital paulista para o lan\u00e7amento da pedra fundamental do Col\u00e9gio Militar de S\u00e3o Paulo, que ser\u00e1 constru\u00eddo no Campo de Marte e tem inaugura\u00e7\u00e3o prevista para o final de 2022. Debaixo de chuva forte, houve uma ben\u00e7\u00e3o cat\u00f3lica para o in\u00edcio das obras. Jos\u00e9 de Anchieta foi declarado padroeiro do col\u00e9gio.<\/p>\n\n\n\n<p>O presidente chegou acompanhado dos filhos, o deputado Eduardo (SP) e o senador Fl\u00e1vio (RJ), al\u00e9m de ministros, como Abraham Weintraib (Educa\u00e7\u00e3o) e Ricardo Salles (Meio Ambiente). A secret\u00e1ria de Cultura, Regina Duarte, e o irm\u00e3o de Bolsonaro, Renato, tamb\u00e9m estavam presentes.<\/p>\n\n\n\n<p>O resultado apurado pela PF sobre Fl\u00e1vio n\u00e3o coincide com os elementos encontrados em um outro inqu\u00e9rito, do Minist\u00e9rio P\u00fablico do Rio, que apura a pr\u00e1tica de &#8220;rachadinha&#8221; no antigo gabinete de Fl\u00e1vio na Assembleia Legislativa -ele foi deputado estadual de fevereiro de 2003 a janeiro de 2019.<\/p>\n\n\n\n<p>Nesse tipo de esquema, funcion\u00e1rios s\u00e3o coagidos a devolver parte de seus sal\u00e1rios aos deputados.<\/p>\n\n\n\n<p>Segundo a Promotoria, que investiga a pr\u00e1tica de peculato, oculta\u00e7\u00e3o de patrim\u00f4nio e organiza\u00e7\u00e3o criminosa, Fl\u00e1vio lavou at\u00e9 R$ 2,3 milh\u00f5es com transa\u00e7\u00f5es imobili\u00e1rias e com sua loja de chocolates. O senador nega que tenha cometido os crimes sob apura\u00e7\u00e3o.<\/p>\n\n\n\n<p>Embora n\u00e3o sejam sobre o mesmo objeto, as investiga\u00e7\u00f5es da Pol\u00edcia Federal e do MP-RJ se esbarram em rela\u00e7\u00e3o aos im\u00f3veis de Fl\u00e1vio.<\/p>\n\n\n\n<p>O procedimento que hoje est\u00e1 com a PF teve como origem uma not\u00edcia crime feita pelo advogado Eliezer Gomes da Silva com base em reportagem da Folha de janeiro de 2018 que apontava a evolu\u00e7\u00e3o patrimonial de Jair Bolsonaro, ent\u00e3o deputado federal, e seus filhos pol\u00edticos.<\/p>\n\n\n\n<p>Na den\u00fancia, o advogado destacou o fato de Fl\u00e1vio ter declarado em 2014 e 2016 ser propriet\u00e1rio de um im\u00f3vel em Laranjeiras, mas ter atribu\u00eddo valores distintos ao mesmo bem em cada ano.<\/p>\n\n\n\n<p>No inqu\u00e9rito em andamento no \u00e2mbito estadual, o Minist\u00e9rio P\u00fablico disse ter encontrado suspeitas de que o senador usou recursos em esp\u00e9cie na compra de apartamentos com o objetivo de lavar dinheiro da &#8220;rachadinha&#8221; da Assembleia Legislativa.<\/p>\n\n\n\n<p>A investiga\u00e7\u00e3o local come\u00e7ou ap\u00f3s um relat\u00f3rio de intelig\u00eancia do Coaf (Conselho de Controle de Atividades Financeiras) ter detectado uma movimenta\u00e7\u00e3o at\u00edpica de R$ 1,2 milh\u00e3o no intervalo de um ano nas contas de Fabr\u00edcio Queiroz, funcion\u00e1rio do gabinete de Fl\u00e1vio e amigo do presidente Jair Bolsonaro.<\/p>\n\n\n\n<p>No caso dos apartamentos, a desconfian\u00e7a do MP-RJ \u00e9 que os valores registrados por Fl\u00e1vio em cart\u00f3rios n\u00e3o sejam verdadeiros. Na investiga\u00e7\u00e3o da PF, por\u00e9m, n\u00e3o foram apontados ind\u00edcios nesse sentido.<\/p>\n\n\n\n<p>Nas reportagens de janeiro de 2018, as primeiras sobre o patrim\u00f4nio da fam\u00edlia, a Folha mostrou que Fl\u00e1vio entrou na pol\u00edtica com um Gol 1.0, em 2002. Quinze anos depois, quando se candidatou ao Senado, tinha dois apartamentos e uma sala que, segundo a prefeitura, valem R$ 4 milh\u00f5es. Ele realizou opera\u00e7\u00f5es envolvendo 19 im\u00f3veis.<\/p>\n\n\n\n<p>A Folha de S.Paulo tamb\u00e9m mostrou que, no in\u00edcio de 2018, Bolsonaro e seus tr\u00eas filhos que exercem mandato -Carlos, Fl\u00e1vio e Eduardo- eram donos de 13 im\u00f3veis com pre\u00e7o de mercado de pelo menos R$ 15 milh\u00f5es, a maioria em pontos altamente valorizados do Rio, como Copacabana, Barra da Tijuca e Urca.<\/p>\n\n\n\n<p>Quando entrou na pol\u00edtica, em 1988, Bolsonaro declarava ter apenas um Fiat Panorama, uma moto e dois lotes de pequeno valor em Resende, no interior no Rio -valendo pouco mais de R$ 10 mil em dinheiro atual. Desde ent\u00e3o, sua \u00fanica profiss\u00e3o \u00e9 a pol\u00edtica. Foram sete mandatos como deputado federal e, agora, como presidente.<br>O pedido de abertura de inqu\u00e9rito sobre as suspeitas em torno de Fl\u00e1vio chegou \u00e0 PF depois que o procurador regional eleitoral do Rio, Sidney Madruga, tentou arquivar o caso.<\/p>\n\n\n\n<p>Como a Folha revelou em fevereiro do ano passado, o procurador quis encerrar a apura\u00e7\u00e3o sem ter feito nenhuma dilig\u00eancia. O arquivamento pedido por Madruga foi vetado por uma c\u00e2mara criminal do Minist\u00e9rio P\u00fablico Federal, que determinou uma avalia\u00e7\u00e3o mais rigorosa do caso.<\/p>\n\n\n\n<p>Na ocasi\u00e3o, a Procuradoria Regional Eleitoral do Rio afirmou que Madruga entendeu que n\u00e3o havia crime eleitoral &#8220;com base na jurisprud\u00eancia consolidada h\u00e1 anos no TSE [Tribunal Superior Eleitoral]&#8221;. O procedimento foi enviado, ent\u00e3o, \u00e0 Pol\u00edcia Federal.<br>Assim que recebeu o material, a PF mandou um pedido de an\u00e1lise para a PGR (Procuradoria-Geral da Rep\u00fablica), para saber em qual inst\u00e2ncia a investiga\u00e7\u00e3o deveria ficar.<\/p>\n\n\n\n<p>Como o inqu\u00e9rito foi aberto antes de Fl\u00e1vio tomar posse no Senado, o entendimento foi de que deveria permanecer no primeiro grau, no Rio.<\/p>\n\n\n\n<p>Sob o comando do ministro Sergio Moro (Justi\u00e7a), a Pol\u00edcia Federal vive clima de instabilidade desde agosto do ano passado, quando Bolsonaro anunciou uma troca no comando da superintend\u00eancia do \u00f3rg\u00e3o no Rio e amea\u00e7ou trocar o diretor-geral, Maur\u00edcio Valeixo.<\/p>\n\n\n\n<p>No meio da pol\u00eamica, o presidente chegou a citar um delegado que assumiria a chefia do Rio, mas foi rebatido pela Pol\u00edcia Federal, que divulgou outro nome, o de Carlos Henrique de Oliveira, da confian\u00e7a da atual gest\u00e3o. Ap\u00f3s meses de turbul\u00eancia, o delegado assumiu o cargo de superintendente, em dezembro.<\/p>\n\n\n\n<p>No fim de janeiro, o presidente colocou de volta o assunto na mesa, quando incentivou um movimento que pedia a recria\u00e7\u00e3o do Minist\u00e9rio da Seguran\u00e7a P\u00fablica. Isso poderia impactar diretamente a pol\u00edcia, que poderia ser desligada da pasta da Justi\u00e7a e ficaria, portanto, sob responsabilidade de outro ministro.&nbsp;<\/p>\n\n\n\n<p>Bolsonaro depois voltou atr\u00e1s e disse que a chance de uma mudan\u00e7a nesse sentido era zero, ao menos neste momento.<\/p>\n\n\n\n<p>Por tr\u00e1s da crise de agosto do ano passado estava um despacho de um delegado respons\u00e1vel por uma investiga\u00e7\u00e3o sobre crimes previdenci\u00e1rios no Rio, no qual ele levantou a suspeita de quem seria um homem identificado como H\u00e9lio Neg\u00e3o, mesmo codinome do deputado federal amigo de Bolsonaro.<\/p>\n\n\n\n<p>Desde o in\u00edcio de seu governo, principalmente por causa de Fl\u00e1vio, Bolsonaro tem reclamado em momentos privados e tamb\u00e9m publicamente sobre uma tentativa de persegui\u00e7\u00e3o \u00e0 sua fam\u00edlia.<\/p>\n\n\n\n<p>O inqu\u00e9rito da Pol\u00edcia Federal est\u00e1 com o delegado Erick Blatt desde antes da chegada do novo superintendente.<\/p>\n","protected":false},"excerpt":{"rendered":"<p>Questionado na manh\u00e3 desta segunda-feira (3) em S\u00e3o Paulo sobre o fato de a Pol\u00edcia Federal ter conclu\u00eddo n\u00e3o haver ind\u00edcios de que o senador&hellip; <\/p>\n","protected":false},"author":1,"featured_media":151153,"comment_status":"closed","ping_status":"closed","sticky":false,"template":"","format":"standard","meta":{"sfsi_plus_gutenberg_text_before_share":"","sfsi_plus_gutenberg_show_text_before_share":"","sfsi_plus_gutenberg_icon_type":"","sfsi_plus_gutenberg_icon_alignemt":"","sfsi_plus_gutenburg_max_per_row":"","footnotes":""},"categories":[11],"tags":[],"class_list":["post-151152","post","type-post","status-publish","format-standard","has-post-thumbnail","hentry","category-politica"],"_links":{"self":[{"href":"https:\/\/www.caririemacao.com\/1\/wp-json\/wp\/v2\/posts\/151152","targetHints":{"allow":["GET"]}}],"collection":[{"href":"https:\/\/www.caririemacao.com\/1\/wp-json\/wp\/v2\/posts"}],"about":[{"href":"https:\/\/www.caririemacao.com\/1\/wp-json\/wp\/v2\/types\/post"}],"author":[{"embeddable":true,"href":"https:\/\/www.caririemacao.com\/1\/wp-json\/wp\/v2\/users\/1"}],"replies":[{"embeddable":true,"href":"https:\/\/www.caririemacao.com\/1\/wp-json\/wp\/v2\/comments?post=151152"}],"version-history":[{"count":2,"href":"https:\/\/www.caririemacao.com\/1\/wp-json\/wp\/v2\/posts\/151152\/revisions"}],"predecessor-version":[{"id":151155,"href":"https:\/\/www.caririemacao.com\/1\/wp-json\/wp\/v2\/posts\/151152\/revisions\/151155"}],"wp:featuredmedia":[{"embeddable":true,"href":"https:\/\/www.caririemacao.com\/1\/wp-json\/wp\/v2\/media\/151153"}],"wp:attachment":[{"href":"https:\/\/www.caririemacao.com\/1\/wp-json\/wp\/v2\/media?parent=151152"}],"wp:term":[{"taxonomy":"category","embeddable":true,"href":"https:\/\/www.caririemacao.com\/1\/wp-json\/wp\/v2\/categories?post=151152"},{"taxonomy":"post_tag","embeddable":true,"href":"https:\/\/www.caririemacao.com\/1\/wp-json\/wp\/v2\/tags?post=151152"}],"curies":[{"name":"wp","href":"https:\/\/api.w.org\/{rel}","templated":true}]}}