{"id":151160,"date":"2020-02-03T13:03:23","date_gmt":"2020-02-03T16:03:23","guid":{"rendered":"http:\/\/www.caririemacao.com\/1\/?p=151160"},"modified":"2020-02-03T13:03:25","modified_gmt":"2020-02-03T16:03:25","slug":"brasileiros-no-epicentro-do-coronavirus-podem-passar-por-quarentena-em-anapolis","status":"publish","type":"post","link":"https:\/\/www.caririemacao.com\/1\/2020\/02\/03\/brasileiros-no-epicentro-do-coronavirus-podem-passar-por-quarentena-em-anapolis\/","title":{"rendered":"Brasileiros no epicentro do coronav\u00edrus podem passar por quarentena em An\u00e1polis"},"content":{"rendered":"\n<p>&nbsp;O ministro da Casa Civil, Onyx Lorenzoni, afirmou nesta segunda-feira (3) que o governo avalia deixar os brasileiros evacuados da cidade de Wuhan, epicentro do surto de coronav\u00edrus na China, em quarentena em uma \u00e1rea militar na cidade de An\u00e1polis (GO).&nbsp;<\/p>\n\n\n\n<p>Uma reuni\u00e3o na Casa Civil na manh\u00e3 desta segunda deve definir os detalhes da repatria\u00e7\u00e3o desses brasileiros. A aeronave que os buscar\u00e1 -entre 30 e 40 pessoas, segundo Onyx- dever\u00e1 decolar na ter\u00e7a e retornar entre quinta (6) e sexta (7), segundo o titular da Casa Civil.&nbsp;<\/p>\n\n\n\n<p>As declara\u00e7\u00f5es foram dadas pelo ministro durante uma entrevista para a R\u00e1dio Ga\u00facha.&nbsp;<\/p>\n\n\n\n<p>An\u00e1polis \u00e9 o local mais prov\u00e1vel da quarentena porque, de acordo com o ministro, a \u00e1rea militar no local j\u00e1 tem experi\u00eancia com casos de isolamento, por ter trabalhado no caso do acidente com c\u00e9sio-137 em Goi\u00e2nia. Ele tamb\u00e9m citou Florian\u00f3polis (SC) e locais no Nordeste como alternativas para a quarentena.<\/p>\n\n\n\n<p>Na mesma entrevista, Onyx disse que conversou com o presidente da C\u00e2mara, deputado Rodrigo Maia (DEM-RJ), para agilizar a tramita\u00e7\u00e3o de uma Medida Provis\u00f3ria que crie a figura de quarentena sanit\u00e1ria no Brasil. A aus\u00eancia de uma legisla\u00e7\u00e3o desse tipo foi apontada pelo presidente Jair Bolsonaro como uma das raz\u00f5es que dificultam a evacua\u00e7\u00e3o. Outra seria a quest\u00e3o or\u00e7ament\u00e1ria.<\/p>\n\n\n\n<p>&#8220;Se n\u00e3o tiver redondinho no Brasil n\u00e3o vamos buscar ningu\u00e9m. A inten\u00e7\u00e3o do presidente n\u00e3o vai buscar ningu\u00e9m. Quem quer vir para c\u00e1 tem que se submeter aos tr\u00e2mites de prote\u00e7\u00e3o dos 210 milh\u00f5es que est\u00e3o aqui&#8221;, declarou Bolsonaro na sexta.<\/p>\n\n\n\n<p>&#8220;Vamos acelerar a aprecia\u00e7\u00e3o para \u00e0 tarde ela estar pronta, no retorno do presidente [de S\u00e3o Paulo]. A gente colhe a assinatura do presidente, d\u00e1 entrada ainda hoje no Congresso&#8221;, afirmou Onyx. Segundo ele, a ideia \u00e9 votar o texto na ter\u00e7a na C\u00e2mara e no dia seguinte no Senado.&nbsp;<\/p>\n\n\n\n<p>Ainda de acordo com Onyx, a aeronave que realizar\u00e1 a retirada dos brasileiros far\u00e1 escala em Israel, tanto na ida quanto na volta.&nbsp;<\/p>\n\n\n\n<p>O governo anunciou no domingo (2) que os brasileiros na regi\u00e3o ser\u00e3o evacuados.<br>De acordo com comunicado dos minist\u00e9rios da Defesa e das Rela\u00e7\u00f5es Exteriores, os cidad\u00e3os do Brasil que se encontram na regi\u00e3o e que manifestarem desejo de deixar o local poder\u00e3o retornar ao pa\u00eds, possivelmente em um voo fretado.<\/p>\n\n\n\n<p>Ainda de acordo o governo, duas brasileiras que possuem nacionalidade portuguesa, e que estavam em Wuhan, j\u00e1 embarcaram em um voo que evacuou cidad\u00e3os da Uni\u00e3o Europeia. Ambas cumprir\u00e3o quarentena em Portugal. &nbsp;<\/p>\n\n\n\n<p>O Itamaraty estima que aproximadamente 50 brasileiros est\u00e3o na zona de quarentena chinesa na prov\u00edncia de Hubei, onde est\u00e1 localizada a cidade de Wuhan.<\/p>\n\n\n\n<p>Em um v\u00eddeo publicado neste domingo, um grupo de brasileiros na China fez um apelo ao governo Bolsonaro pela evacua\u00e7\u00e3o. Na publica\u00e7\u00e3o, eles lembram justamente as opera\u00e7\u00f5es de retirada de estrangeiros promovidas por diversos pa\u00edses.<\/p>\n","protected":false},"excerpt":{"rendered":"<p>&nbsp;O ministro da Casa Civil, Onyx Lorenzoni, afirmou nesta segunda-feira (3) que o governo avalia deixar os brasileiros evacuados da cidade de Wuhan, epicentro do&hellip; <\/p>\n","protected":false},"author":1,"featured_media":151163,"comment_status":"closed","ping_status":"closed","sticky":false,"template":"","format":"standard","meta":{"sfsi_plus_gutenberg_text_before_share":"","sfsi_plus_gutenberg_show_text_before_share":"","sfsi_plus_gutenberg_icon_type":"","sfsi_plus_gutenberg_icon_alignemt":"","sfsi_plus_gutenburg_max_per_row":"","footnotes":""},"categories":[2],"tags":[],"class_list":["post-151160","post","type-post","status-publish","format-standard","has-post-thumbnail","hentry","category-geral"],"_links":{"self":[{"href":"https:\/\/www.caririemacao.com\/1\/wp-json\/wp\/v2\/posts\/151160","targetHints":{"allow":["GET"]}}],"collection":[{"href":"https:\/\/www.caririemacao.com\/1\/wp-json\/wp\/v2\/posts"}],"about":[{"href":"https:\/\/www.caririemacao.com\/1\/wp-json\/wp\/v2\/types\/post"}],"author":[{"embeddable":true,"href":"https:\/\/www.caririemacao.com\/1\/wp-json\/wp\/v2\/users\/1"}],"replies":[{"embeddable":true,"href":"https:\/\/www.caririemacao.com\/1\/wp-json\/wp\/v2\/comments?post=151160"}],"version-history":[{"count":1,"href":"https:\/\/www.caririemacao.com\/1\/wp-json\/wp\/v2\/posts\/151160\/revisions"}],"predecessor-version":[{"id":151164,"href":"https:\/\/www.caririemacao.com\/1\/wp-json\/wp\/v2\/posts\/151160\/revisions\/151164"}],"wp:featuredmedia":[{"embeddable":true,"href":"https:\/\/www.caririemacao.com\/1\/wp-json\/wp\/v2\/media\/151163"}],"wp:attachment":[{"href":"https:\/\/www.caririemacao.com\/1\/wp-json\/wp\/v2\/media?parent=151160"}],"wp:term":[{"taxonomy":"category","embeddable":true,"href":"https:\/\/www.caririemacao.com\/1\/wp-json\/wp\/v2\/categories?post=151160"},{"taxonomy":"post_tag","embeddable":true,"href":"https:\/\/www.caririemacao.com\/1\/wp-json\/wp\/v2\/tags?post=151160"}],"curies":[{"name":"wp","href":"https:\/\/api.w.org\/{rel}","templated":true}]}}