{"id":151161,"date":"2020-02-03T13:13:33","date_gmt":"2020-02-03T16:13:33","guid":{"rendered":"http:\/\/www.caririemacao.com\/1\/?p=151161"},"modified":"2020-02-03T13:13:34","modified_gmt":"2020-02-03T16:13:34","slug":"monteiro-centro-de-reabilitacao-conta-com-atendimento-neuropediatrico","status":"publish","type":"post","link":"https:\/\/www.caririemacao.com\/1\/2020\/02\/03\/monteiro-centro-de-reabilitacao-conta-com-atendimento-neuropediatrico\/","title":{"rendered":"MONTEIRO: centro de reabilita\u00e7\u00e3o conta com atendimento neuropedi\u00e1trico"},"content":{"rendered":"\n<p>O centro de Reabilita\u00e7\u00e3o CER II localizado na cidade de Monteiro estar\u00e1 disponibilizando atendimento neuropedi\u00e1trico. <\/p>\n\n\n\n<p>O centro reabilita\u00e7\u00e3o \u00e9 um estabelecimento de sa\u00fade que conta com atendimentos de Cl\u00ednica M\u00e9dica em conson\u00e2ncia com o Centro de Especialidades M\u00e9dicas \u2013 CEMED, e desde a \u00faltima sexta-feira, 31, come\u00e7ou a atender com uma nova especialidade voltada para crian\u00e7as, a Neuropediatria.<\/p>\n\n\n\n<p>A Neuropediatria \u00e9 o ramo da neurologia que se dedica ao estudo das doen\u00e7as do desenvolvimento e matura\u00e7\u00e3o do sistema nervoso. Devido \u00e0s caracter\u00edsticas do desenvolvimento infantil, possui import\u00e2ncia no controle de doen\u00e7as com comprometimento neurol\u00f3gico.<\/p>\n\n\n\n<p>A atua\u00e7\u00e3o dos profissionais nesta especialidade engloba al\u00e9m do tratamento, o acompanhamento e preven\u00e7\u00e3o de uma s\u00e9rie de problemas que possam comprometer o bom desenvolvimento f\u00edsico, mental e emocional das crian\u00e7as.<\/p>\n\n\n\n<p>No munic\u00edpio de Monteiro o neuropediatra atua a partir dos anos iniciais do desenvolvimento, desde o per\u00edodo neonatal; possibilitando aten\u00e7\u00e3o especial em casos de Epilepsia, Paralisia cerebral, dores de cabe\u00e7a e junto a crian\u00e7as portadoras de Defici\u00eancia Intelectual, Transtorno do Espectro Autista, ou com dist\u00farbios de aprendizagem e Transtorno do D\u00e9ficit de Aten\u00e7\u00e3o e Hiperatividade, entre outros.<\/p>\n\n\n\n<p>\u201cEste \u00e9 um momento importante para a sa\u00fade do nosso munic\u00edpio, principalmente no tocante \u00e0s nossas crian\u00e7as. Diminu\u00edmos o desgaste dos pais e das pr\u00f3prias crian\u00e7as com rela\u00e7\u00e3o a viagem, onde elas precisavam se deslocar para receber este atendimento\u201d, informa a prefeita Anna Lorena.<\/p>\n\n\n\n<p>J\u00e1 a secret\u00e1ria de sa\u00fade, Paula Oliveira, informa que para fazer a consulta com o especialista \u00e9 necess\u00e1rio se dirigir a uma Unidade B\u00e1sica de Sa\u00fade para uma avalia\u00e7\u00e3o m\u00e9dica para em seguida realizar a marca\u00e7\u00e3o.<\/p>\n\n\n\n<p>\u201cTemos uma demanda que ser\u00e1 atendida pelo Dr. Gleny com 40 consultas mensais. Nossas crian\u00e7as tem uma rede de atendimento m\u00e9dico vasto que inclui tamb\u00e9m o NAPSE e outros servi\u00e7os, tudo no intuito de facilitar a vida dos pais e dos pr\u00f3prios pacientes. Nossa gest\u00e3o trabalha com um olhar bastante carinhoso e sens\u00edvel \u00e0 esta quest\u00e3o\u201d, finaliza a secret\u00e1ria da pasta.<\/p>\n","protected":false},"excerpt":{"rendered":"<p>O centro de Reabilita\u00e7\u00e3o CER II localizado na cidade de Monteiro estar\u00e1 disponibilizando atendimento neuropedi\u00e1trico. O centro reabilita\u00e7\u00e3o \u00e9 um estabelecimento de sa\u00fade que conta&hellip; <\/p>\n","protected":false},"author":2,"featured_media":151184,"comment_status":"closed","ping_status":"closed","sticky":false,"template":"","format":"standard","meta":{"sfsi_plus_gutenberg_text_before_share":"","sfsi_plus_gutenberg_show_text_before_share":"","sfsi_plus_gutenberg_icon_type":"","sfsi_plus_gutenberg_icon_alignemt":"","sfsi_plus_gutenburg_max_per_row":"","footnotes":""},"categories":[6,50],"tags":[],"class_list":["post-151161","post","type-post","status-publish","format-standard","has-post-thumbnail","hentry","category-cidades","category-destaque"],"_links":{"self":[{"href":"https:\/\/www.caririemacao.com\/1\/wp-json\/wp\/v2\/posts\/151161","targetHints":{"allow":["GET"]}}],"collection":[{"href":"https:\/\/www.caririemacao.com\/1\/wp-json\/wp\/v2\/posts"}],"about":[{"href":"https:\/\/www.caririemacao.com\/1\/wp-json\/wp\/v2\/types\/post"}],"author":[{"embeddable":true,"href":"https:\/\/www.caririemacao.com\/1\/wp-json\/wp\/v2\/users\/2"}],"replies":[{"embeddable":true,"href":"https:\/\/www.caririemacao.com\/1\/wp-json\/wp\/v2\/comments?post=151161"}],"version-history":[{"count":1,"href":"https:\/\/www.caririemacao.com\/1\/wp-json\/wp\/v2\/posts\/151161\/revisions"}],"predecessor-version":[{"id":151185,"href":"https:\/\/www.caririemacao.com\/1\/wp-json\/wp\/v2\/posts\/151161\/revisions\/151185"}],"wp:featuredmedia":[{"embeddable":true,"href":"https:\/\/www.caririemacao.com\/1\/wp-json\/wp\/v2\/media\/151184"}],"wp:attachment":[{"href":"https:\/\/www.caririemacao.com\/1\/wp-json\/wp\/v2\/media?parent=151161"}],"wp:term":[{"taxonomy":"category","embeddable":true,"href":"https:\/\/www.caririemacao.com\/1\/wp-json\/wp\/v2\/categories?post=151161"},{"taxonomy":"post_tag","embeddable":true,"href":"https:\/\/www.caririemacao.com\/1\/wp-json\/wp\/v2\/tags?post=151161"}],"curies":[{"name":"wp","href":"https:\/\/api.w.org\/{rel}","templated":true}]}}