{"id":151179,"date":"2020-02-03T17:39:11","date_gmt":"2020-02-03T20:39:11","guid":{"rendered":"http:\/\/www.caririemacao.com\/1\/?p=151179"},"modified":"2020-02-03T17:42:20","modified_gmt":"2020-02-03T20:42:20","slug":"serra-branca-palmeiras-das-capoeiras-e-campeao-da-2a-copa-do-salao","status":"publish","type":"post","link":"https:\/\/www.caririemacao.com\/1\/2020\/02\/03\/serra-branca-palmeiras-das-capoeiras-e-campeao-da-2a-copa-do-salao\/","title":{"rendered":"SERRA  BRANCA: Palmeiras das  Capoeiras \u00e9 campe\u00e3o da 2\u00aa Copa do Sal\u00e3o; VEJA FOTOS"},"content":{"rendered":"\n<p>A grande final da 2\u00aa Copa de S\u00edtio Sal\u00e3o de Futebol foi realizada na tarde deste domingo, dia 02.<\/p>\n\n\n\n<figure class=\"wp-block-image size-large\"><img fetchpriority=\"high\" decoding=\"async\" width=\"1024\" height=\"683\" src=\"http:\/\/www.caririemacao.com\/1\/wp-content\/uploads\/2020\/02\/DSC_0024-1024x683.jpg\" alt=\"\" class=\"wp-image-151220\" srcset=\"https:\/\/www.caririemacao.com\/1\/wp-content\/uploads\/2020\/02\/DSC_0024-1024x683.jpg 1024w, https:\/\/www.caririemacao.com\/1\/wp-content\/uploads\/2020\/02\/DSC_0024-300x200.jpg 300w, https:\/\/www.caririemacao.com\/1\/wp-content\/uploads\/2020\/02\/DSC_0024-768x512.jpg 768w, https:\/\/www.caririemacao.com\/1\/wp-content\/uploads\/2020\/02\/DSC_0024-1536x1024.jpg 1536w, https:\/\/www.caririemacao.com\/1\/wp-content\/uploads\/2020\/02\/DSC_0024.jpg 1600w\" sizes=\"(max-width: 1024px) 100vw, 1024px\" \/><\/figure>\n\n\n\n<p>A disputa contou com a presen\u00e7a de duas fortes equipes de Serra Branca, o Palmeiras das Capoeiras e o Atl\u00e9tico de Santa Luzia do Cariri.<\/p>\n\n\n\n<figure class=\"wp-block-image size-large\"><img decoding=\"async\" width=\"1024\" height=\"683\" data-src=\"http:\/\/www.caririemacao.com\/1\/wp-content\/uploads\/2020\/02\/DSC_4139-1024x683.jpg\" alt=\"\" class=\"wp-image-151219 lazyload\" data-srcset=\"https:\/\/www.caririemacao.com\/1\/wp-content\/uploads\/2020\/02\/DSC_4139-1024x683.jpg 1024w, https:\/\/www.caririemacao.com\/1\/wp-content\/uploads\/2020\/02\/DSC_4139-300x200.jpg 300w, https:\/\/www.caririemacao.com\/1\/wp-content\/uploads\/2020\/02\/DSC_4139-768x512.jpg 768w, https:\/\/www.caririemacao.com\/1\/wp-content\/uploads\/2020\/02\/DSC_4139-1536x1024.jpg 1536w, https:\/\/www.caririemacao.com\/1\/wp-content\/uploads\/2020\/02\/DSC_4139.jpg 1600w\" data-sizes=\"(max-width: 1024px) 100vw, 1024px\" src=\"data:image\/svg+xml;base64,PHN2ZyB3aWR0aD0iMSIgaGVpZ2h0PSIxIiB4bWxucz0iaHR0cDovL3d3dy53My5vcmcvMjAwMC9zdmciPjwvc3ZnPg==\" style=\"--smush-placeholder-width: 1024px; --smush-placeholder-aspect-ratio: 1024\/683;\" \/><\/figure>\n\n\n\n<p> A final trouxe muita emo\u00e7\u00e3o e um grande p\u00fablico para o est\u00e1dio. Em campo, a equipe do Palmeiras marcou duas vezes contra um gol do Atl\u00e9tico.<\/p>\n\n\n\n<figure class=\"wp-block-image size-large\"><img decoding=\"async\" width=\"1024\" height=\"683\" data-src=\"http:\/\/www.caririemacao.com\/1\/wp-content\/uploads\/2020\/02\/DSC_0210-1024x683.jpg\" alt=\"\" class=\"wp-image-151221 lazyload\" data-srcset=\"https:\/\/www.caririemacao.com\/1\/wp-content\/uploads\/2020\/02\/DSC_0210-1024x683.jpg 1024w, https:\/\/www.caririemacao.com\/1\/wp-content\/uploads\/2020\/02\/DSC_0210-300x200.jpg 300w, https:\/\/www.caririemacao.com\/1\/wp-content\/uploads\/2020\/02\/DSC_0210-768x512.jpg 768w, https:\/\/www.caririemacao.com\/1\/wp-content\/uploads\/2020\/02\/DSC_0210-1536x1024.jpg 1536w, https:\/\/www.caririemacao.com\/1\/wp-content\/uploads\/2020\/02\/DSC_0210.jpg 1600w\" data-sizes=\"(max-width: 1024px) 100vw, 1024px\" src=\"data:image\/svg+xml;base64,PHN2ZyB3aWR0aD0iMSIgaGVpZ2h0PSIxIiB4bWxucz0iaHR0cDovL3d3dy53My5vcmcvMjAwMC9zdmciPjwvc3ZnPg==\" style=\"--smush-placeholder-width: 1024px; --smush-placeholder-aspect-ratio: 1024\/683;\" \/><\/figure>\n\n\n\n<p>O jogador do Palmeira, Michel, abriu o placar e Lula ampliou, em seguida Maicon do Atl\u00e9tico descontou, encerrando a partida em 2X1 para o Palmeiras, conquistando a 2\u00aa Copa de Futebol do S\u00edtio Sal\u00e3o.<\/p>\n\n\n\n<figure class=\"wp-block-image size-large\"><img decoding=\"async\" width=\"1024\" height=\"683\" data-src=\"http:\/\/www.caririemacao.com\/1\/wp-content\/uploads\/2020\/02\/DSC_4324-1024x683.jpg\" alt=\"\" class=\"wp-image-151222 lazyload\" data-srcset=\"https:\/\/www.caririemacao.com\/1\/wp-content\/uploads\/2020\/02\/DSC_4324-1024x683.jpg 1024w, https:\/\/www.caririemacao.com\/1\/wp-content\/uploads\/2020\/02\/DSC_4324-300x200.jpg 300w, https:\/\/www.caririemacao.com\/1\/wp-content\/uploads\/2020\/02\/DSC_4324-768x512.jpg 768w, https:\/\/www.caririemacao.com\/1\/wp-content\/uploads\/2020\/02\/DSC_4324-1536x1024.jpg 1536w, https:\/\/www.caririemacao.com\/1\/wp-content\/uploads\/2020\/02\/DSC_4324.jpg 1600w\" data-sizes=\"(max-width: 1024px) 100vw, 1024px\" src=\"data:image\/svg+xml;base64,PHN2ZyB3aWR0aD0iMSIgaGVpZ2h0PSIxIiB4bWxucz0iaHR0cDovL3d3dy53My5vcmcvMjAwMC9zdmciPjwvc3ZnPg==\" style=\"--smush-placeholder-width: 1024px; --smush-placeholder-aspect-ratio: 1024\/683;\" \/><\/figure>\n\n\n\n<p>Ap\u00f3s a final, houve a entrega da premia\u00e7\u00e3o e muito agradecimento. Foram entregues a seguida premia\u00e7\u00e3o: 1\u00ba lugar: R$ 1.800,00 + trof\u00e9u + medalhas, 2\u00ba lugar: R$ 900,00 + trof\u00e9u + medalhas, 3\u00ba lugar: R$ 500,00 + trof\u00e9u e 4\u00ba lugar: trof\u00e9u.<\/p>\n\n\n\n<figure class=\"wp-block-image size-large\"><img decoding=\"async\" width=\"1024\" height=\"683\" data-src=\"http:\/\/www.caririemacao.com\/1\/wp-content\/uploads\/2020\/02\/DSC_4373-1024x683.jpg\" alt=\"\" class=\"wp-image-151223 lazyload\" data-srcset=\"https:\/\/www.caririemacao.com\/1\/wp-content\/uploads\/2020\/02\/DSC_4373-1024x683.jpg 1024w, https:\/\/www.caririemacao.com\/1\/wp-content\/uploads\/2020\/02\/DSC_4373-300x200.jpg 300w, https:\/\/www.caririemacao.com\/1\/wp-content\/uploads\/2020\/02\/DSC_4373-768x512.jpg 768w, https:\/\/www.caririemacao.com\/1\/wp-content\/uploads\/2020\/02\/DSC_4373-1536x1024.jpg 1536w, https:\/\/www.caririemacao.com\/1\/wp-content\/uploads\/2020\/02\/DSC_4373.jpg 1600w\" data-sizes=\"(max-width: 1024px) 100vw, 1024px\" src=\"data:image\/svg+xml;base64,PHN2ZyB3aWR0aD0iMSIgaGVpZ2h0PSIxIiB4bWxucz0iaHR0cDovL3d3dy53My5vcmcvMjAwMC9zdmciPjwvc3ZnPg==\" style=\"--smush-placeholder-width: 1024px; --smush-placeholder-aspect-ratio: 1024\/683;\" \/><\/figure>\n\n\n\n<p>Um dos coordena\u00e7\u00e3o, o atleta Boneilson tamb\u00e9m informou que foram premiados o artilheiro, melhor goleiro, destaque e revela\u00e7\u00e3o.<\/p>\n\n\n\n<p>Vale lembrar que tamb\u00e9m foi realizado um um bingo no valor de R$ 1.000,00 (reias). Ap\u00f3s a entrega da premia\u00e7\u00e3o, teve muito forr\u00f3 com Z\u00e9 Ailton do Acordeon.<\/p>\n\n\n\n<figure class=\"wp-block-image size-large\"><img decoding=\"async\" width=\"1024\" height=\"683\" data-src=\"http:\/\/www.caririemacao.com\/1\/wp-content\/uploads\/2020\/02\/DSC_0048-1024x683.jpg\" alt=\"\" class=\"wp-image-151224 lazyload\" data-srcset=\"https:\/\/www.caririemacao.com\/1\/wp-content\/uploads\/2020\/02\/DSC_0048-1024x683.jpg 1024w, https:\/\/www.caririemacao.com\/1\/wp-content\/uploads\/2020\/02\/DSC_0048-300x200.jpg 300w, https:\/\/www.caririemacao.com\/1\/wp-content\/uploads\/2020\/02\/DSC_0048-768x512.jpg 768w, https:\/\/www.caririemacao.com\/1\/wp-content\/uploads\/2020\/02\/DSC_0048-1536x1024.jpg 1536w, https:\/\/www.caririemacao.com\/1\/wp-content\/uploads\/2020\/02\/DSC_0048.jpg 1600w\" data-sizes=\"(max-width: 1024px) 100vw, 1024px\" src=\"data:image\/svg+xml;base64,PHN2ZyB3aWR0aD0iMSIgaGVpZ2h0PSIxIiB4bWxucz0iaHR0cDovL3d3dy53My5vcmcvMjAwMC9zdmciPjwvc3ZnPg==\" style=\"--smush-placeholder-width: 1024px; --smush-placeholder-aspect-ratio: 1024\/683;\" \/><\/figure>\n\n\n\n<p>A Coordena\u00e7\u00e3o do torneio ficou por conta de Boneilson, Rog\u00e9ria e Paulo do Sal\u00e3o e teve o apoio do Supermercado Chic\u00f3 e Eduardo e S\u00f4nia S\u00e3o Paulo<\/p>\n\n\n\n<figure class=\"wp-block-image size-large\"><img decoding=\"async\" width=\"1024\" height=\"683\" data-src=\"http:\/\/www.caririemacao.com\/1\/wp-content\/uploads\/2020\/02\/DSC_4187-1024x683.jpg\" alt=\"\" class=\"wp-image-151226 lazyload\" data-srcset=\"https:\/\/www.caririemacao.com\/1\/wp-content\/uploads\/2020\/02\/DSC_4187-1024x683.jpg 1024w, https:\/\/www.caririemacao.com\/1\/wp-content\/uploads\/2020\/02\/DSC_4187-300x200.jpg 300w, https:\/\/www.caririemacao.com\/1\/wp-content\/uploads\/2020\/02\/DSC_4187-768x512.jpg 768w, https:\/\/www.caririemacao.com\/1\/wp-content\/uploads\/2020\/02\/DSC_4187-1536x1024.jpg 1536w, https:\/\/www.caririemacao.com\/1\/wp-content\/uploads\/2020\/02\/DSC_4187.jpg 1600w\" data-sizes=\"(max-width: 1024px) 100vw, 1024px\" src=\"data:image\/svg+xml;base64,PHN2ZyB3aWR0aD0iMSIgaGVpZ2h0PSIxIiB4bWxucz0iaHR0cDovL3d3dy53My5vcmcvMjAwMC9zdmciPjwvc3ZnPg==\" style=\"--smush-placeholder-width: 1024px; --smush-placeholder-aspect-ratio: 1024\/683;\" \/><\/figure>\n\n\n\n<p><a href=\"https:\/\/www.facebook.com\/pg\/CaririEmAcao\/photos\/?tab=album&amp;album_id=1798901976912484\">CLIQUE E VEJA TODAS AS FOTOS.<\/a><\/p>\n\n\n\n<figure class=\"wp-block-embed\"><div class=\"wp-block-embed__wrapper\">\n<div class=\"ose- ose-uid-b02a0db4f7e3f4b9472a3f794723a43b ose-embedpress-responsive\" style=\"width:600px; height:550px; max-height:550px; max-width:100%; display:inline-block;\" data-embed-type=\"Facebook\"><iframe allowFullScreen=\"true\" class=\"embera-facebook-iframe-2dc32 lazyload\" data-src=\"https:\/\/www.facebook.com\/plugins\/post.php?href=https%3A%2F%2Fwww.facebook.com%2Fpg%2FCaririEmAcao%2Fphotos%2F%3Ftab%3Dalbum%26%23038%3Balbum_id%3D1798901976912484&width=600&height=550&show_text=true\" width=\"600\" height=\"550\" style=\"border:none;overflow:hidden\" scrolling=\"no\" frameborder=\"0\" allowTransparency=\"true\" src=\"data:image\/svg+xml;base64,PHN2ZyB3aWR0aD0iMSIgaGVpZ2h0PSIxIiB4bWxucz0iaHR0cDovL3d3dy53My5vcmcvMjAwMC9zdmciPjwvc3ZnPg==\" data-load-mode=\"1\"><\/iframe><\/div>\n<\/div><\/figure>\n","protected":false},"excerpt":{"rendered":"<p>A grande final da 2\u00aa Copa de S\u00edtio Sal\u00e3o de Futebol foi realizada na tarde deste domingo, dia 02. A disputa contou com a presen\u00e7a&hellip; <\/p>\n","protected":false},"author":1,"featured_media":151225,"comment_status":"closed","ping_status":"closed","sticky":false,"template":"","format":"standard","meta":{"sfsi_plus_gutenberg_text_before_share":"","sfsi_plus_gutenberg_show_text_before_share":"","sfsi_plus_gutenberg_icon_type":"","sfsi_plus_gutenberg_icon_alignemt":"","sfsi_plus_gutenburg_max_per_row":"","footnotes":""},"categories":[50,13],"tags":[],"class_list":["post-151179","post","type-post","status-publish","format-standard","has-post-thumbnail","hentry","category-destaque","category-esportes"],"_links":{"self":[{"href":"https:\/\/www.caririemacao.com\/1\/wp-json\/wp\/v2\/posts\/151179","targetHints":{"allow":["GET"]}}],"collection":[{"href":"https:\/\/www.caririemacao.com\/1\/wp-json\/wp\/v2\/posts"}],"about":[{"href":"https:\/\/www.caririemacao.com\/1\/wp-json\/wp\/v2\/types\/post"}],"author":[{"embeddable":true,"href":"https:\/\/www.caririemacao.com\/1\/wp-json\/wp\/v2\/users\/1"}],"replies":[{"embeddable":true,"href":"https:\/\/www.caririemacao.com\/1\/wp-json\/wp\/v2\/comments?post=151179"}],"version-history":[{"count":5,"href":"https:\/\/www.caririemacao.com\/1\/wp-json\/wp\/v2\/posts\/151179\/revisions"}],"predecessor-version":[{"id":151229,"href":"https:\/\/www.caririemacao.com\/1\/wp-json\/wp\/v2\/posts\/151179\/revisions\/151229"}],"wp:featuredmedia":[{"embeddable":true,"href":"https:\/\/www.caririemacao.com\/1\/wp-json\/wp\/v2\/media\/151225"}],"wp:attachment":[{"href":"https:\/\/www.caririemacao.com\/1\/wp-json\/wp\/v2\/media?parent=151179"}],"wp:term":[{"taxonomy":"category","embeddable":true,"href":"https:\/\/www.caririemacao.com\/1\/wp-json\/wp\/v2\/categories?post=151179"},{"taxonomy":"post_tag","embeddable":true,"href":"https:\/\/www.caririemacao.com\/1\/wp-json\/wp\/v2\/tags?post=151179"}],"curies":[{"name":"wp","href":"https:\/\/api.w.org\/{rel}","templated":true}]}}