{"id":151183,"date":"2020-02-03T13:14:16","date_gmt":"2020-02-03T16:14:16","guid":{"rendered":"http:\/\/www.caririemacao.com\/1\/?p=151183"},"modified":"2020-02-03T13:14:18","modified_gmt":"2020-02-03T16:14:18","slug":"brasil-bate-paraguai-e-fica-perto-de-vaga-no-mundial-de-futsal-2020","status":"publish","type":"post","link":"https:\/\/www.caririemacao.com\/1\/2020\/02\/03\/brasil-bate-paraguai-e-fica-perto-de-vaga-no-mundial-de-futsal-2020\/","title":{"rendered":"Brasil bate Paraguai e fica perto de vaga no Mundial de Futsal 2020"},"content":{"rendered":"\n<p> Depois de estrear com vit\u00f3ria sobre a Col\u00f4mbia (3 a 0), a sele\u00e7\u00e3o brasileira de futsal derrotou o Paraguai, por 2 a 0, neste domingo (2) e ficou bem perto de garantir a classifica\u00e7\u00e3o para a Copa do Mundo Fifa 2020. Gadeia e Marlon marcaram para a sele\u00e7\u00e3o canarinho. Caso assegure a classifica\u00e7\u00e3o, o Brasil, comandado pelo t\u00e9cnico Marquinhos Xavier, vai em busca do hexacampeonato. O \u00faltimo t\u00edtulo foi conquistado em 2012, quando a sele\u00e7\u00e3o derrotou a Espanha na final.\u00a0A Copa do Mundo de Futsal ser\u00e1 realizada na Litu\u00e2nia, entre 12 de setembro e 4 de outubro.<\/p>\n\n\n\n<p>Com o segundo triunfo consecutivo nas Eliminat\u00f3rias, o Brasil lidera a chave A, com seis pontos. Al\u00e9m da sele\u00e7\u00e3o verde amarela, do Paraguai e da Col\u00f4mbia, a chave tem ainda Peru e Equador. Os dois primeiros colocados se classificam para o Mundial deste ano&nbsp;e tamb\u00e9m avan\u00e7am \u00e0 semifinal. &nbsp;<\/p>\n\n\n\n<p>O torneio classificat\u00f3rio segue at\u00e9 domingo (9), na cidade Carlos Barbosa, na Serra Ga\u00facha. O Brasil volta a jogar na quarta-feira (5), \u00e0s 16h, contra o Equador, e faz o \u00faltimo embate na quinta (6), contra o Peru, \u00e0s 20h.<\/p>\n\n\n\n<p>No grupo B est\u00e1 a atual campe\u00e3 Argentina, al\u00e9m de Uruguai, Chile, Venezuela e Bol\u00edvia. &nbsp;Logo mais, \u00e0s 14 h, a sele\u00e7\u00e3o uruguaia enfrenta a Venezuela; \u00e0s 16h o Chile encara a Bol\u00edvia; \u00e0s 18h o Peru duela com a Col\u00f4mbia;&nbsp; e \u00e0s 20h o Equador mede for\u00e7a com o Paraguai.<\/p>\n","protected":false},"excerpt":{"rendered":"<p>Depois de estrear com vit\u00f3ria sobre a Col\u00f4mbia (3 a 0), a sele\u00e7\u00e3o brasileira de futsal derrotou o Paraguai, por 2 a 0, neste domingo&hellip; <\/p>\n","protected":false},"author":1,"featured_media":103446,"comment_status":"closed","ping_status":"closed","sticky":false,"template":"","format":"standard","meta":{"sfsi_plus_gutenberg_text_before_share":"","sfsi_plus_gutenberg_show_text_before_share":"","sfsi_plus_gutenberg_icon_type":"","sfsi_plus_gutenberg_icon_alignemt":"","sfsi_plus_gutenburg_max_per_row":"","footnotes":""},"categories":[13],"tags":[],"class_list":["post-151183","post","type-post","status-publish","format-standard","has-post-thumbnail","hentry","category-esportes"],"_links":{"self":[{"href":"https:\/\/www.caririemacao.com\/1\/wp-json\/wp\/v2\/posts\/151183","targetHints":{"allow":["GET"]}}],"collection":[{"href":"https:\/\/www.caririemacao.com\/1\/wp-json\/wp\/v2\/posts"}],"about":[{"href":"https:\/\/www.caririemacao.com\/1\/wp-json\/wp\/v2\/types\/post"}],"author":[{"embeddable":true,"href":"https:\/\/www.caririemacao.com\/1\/wp-json\/wp\/v2\/users\/1"}],"replies":[{"embeddable":true,"href":"https:\/\/www.caririemacao.com\/1\/wp-json\/wp\/v2\/comments?post=151183"}],"version-history":[{"count":1,"href":"https:\/\/www.caririemacao.com\/1\/wp-json\/wp\/v2\/posts\/151183\/revisions"}],"predecessor-version":[{"id":151186,"href":"https:\/\/www.caririemacao.com\/1\/wp-json\/wp\/v2\/posts\/151183\/revisions\/151186"}],"wp:featuredmedia":[{"embeddable":true,"href":"https:\/\/www.caririemacao.com\/1\/wp-json\/wp\/v2\/media\/103446"}],"wp:attachment":[{"href":"https:\/\/www.caririemacao.com\/1\/wp-json\/wp\/v2\/media?parent=151183"}],"wp:term":[{"taxonomy":"category","embeddable":true,"href":"https:\/\/www.caririemacao.com\/1\/wp-json\/wp\/v2\/categories?post=151183"},{"taxonomy":"post_tag","embeddable":true,"href":"https:\/\/www.caririemacao.com\/1\/wp-json\/wp\/v2\/tags?post=151183"}],"curies":[{"name":"wp","href":"https:\/\/api.w.org\/{rel}","templated":true}]}}