{"id":151188,"date":"2020-02-03T13:16:15","date_gmt":"2020-02-03T16:16:15","guid":{"rendered":"http:\/\/www.caririemacao.com\/1\/?p=151188"},"modified":"2020-02-03T13:16:16","modified_gmt":"2020-02-03T16:16:16","slug":"presidente-bolsonaro-lanca-pedra-fundamental-de-colegio-militar","status":"publish","type":"post","link":"https:\/\/www.caririemacao.com\/1\/2020\/02\/03\/presidente-bolsonaro-lanca-pedra-fundamental-de-colegio-militar\/","title":{"rendered":"Presidente Bolsonaro lan\u00e7a pedra fundamental de col\u00e9gio militar"},"content":{"rendered":"\n<p>O presidente Jair Bolsonaro participou hoje (3) da cerim\u00f4nia de&nbsp;in\u00edcio das obras&nbsp;do Col\u00e9gio Militar de S\u00e3o Paulo (CMSP), no Campo de Marte. A institui\u00e7\u00e3o ser\u00e1 o 14\u00b0 col\u00e9gio militar do pa\u00eds.&nbsp;<\/p>\n\n\n\n<p>Tamb\u00e9m compareceram os ministros Abraham Weintraub, da Educa\u00e7\u00e3o, Ricardo Salles, do Meio Ambiente, e o senador Fl\u00e1vio Bolsonaro. Estava presente tamb\u00e9m a atriz Regina Duarte, indicada para comandar a Secretaria Especial de Cultura.<\/p>\n\n\n\n<p>A estrutura&nbsp;ter\u00e1 dois pavilh\u00f5es de salas de aula, um para o ensino fundamental e outro para o ensino m\u00e9dio. Ser\u00e3o constru\u00eddos um campo de futebol com pista de atletismo e uma arquibancada para 800 pessoas, al\u00e9m de parque aqu\u00e1tico, gin\u00e1sio de esportes, audit\u00f3rio com capacidade para 300 pessoas, salas de jud\u00f4 e esgrima, refeit\u00f3rio e p\u00e1tio de formatura. A previs\u00e3o \u00e9 que o col\u00e9gio comece a funcionar em 2023.<\/p>\n\n\n\n<p>Durante a cerim\u00f4nia, o&nbsp;presidente Jair Bolsonaro lembrou o resultado do Brasil no&nbsp;<a href=\"http:\/\/agenciabrasil.ebc.com.br\/educacao\/noticia\/2019-12\/pisa-meninas-vao-melhor-em-leitura-e-meninos-em-matematica\" target=\"_blank\" rel=\"noreferrer noopener\">\u00faltimo ranking&nbsp;<\/a>do&nbsp;Programa Internacional de Avalia\u00e7\u00e3o de Estudantes (Pisa). Bolsonaro destacou que a avalia\u00e7\u00e3o foi feita em 2018, portanto antes de seu governo. Disse tamb\u00e9m que espera melhora do posicionamento do pa\u00eds na pr\u00f3xima avalia\u00e7\u00e3o que ser\u00e1 realizada em 2021. &#8220;O Brasil chegou a uma situa\u00e7\u00e3o na educa\u00e7\u00e3o que n\u00e3o pode ser ultrapassada por mais ningu\u00e9m, porque j\u00e1 estamos no \u00faltimo lugar. E essa prova do Pisa foi realizada em 2018, antes do nosso governo. Apesar do tempo relativamente curto, com toda certeza, melhoraremos sim muitas posi\u00e7\u00f5es para a pr\u00f3xima prova que ser\u00e1 realizada em 2021. E deixo bem claro tamb\u00e9m, se deixarmos nessa prova do Pisa apenas alunos de Col\u00e9gios Militares, de escolar militarizadas, por exemplo, de Goi\u00e1s do governador Caiado, o Brasil estaria entre os dez do mundo&#8221;, afirmou. O presidente fez ainda uma crit\u00edca aos governadores que n\u00e3o quiseram fazer parte do projeto do governo federal para&nbsp;escolas militares e finalizou afirmando que &#8220;a&nbsp;quest\u00e3o pol\u00edtico-partid\u00e1ria n\u00e3o pode estar \u00e0 frente de um pa\u00eds&#8221;.<\/p>\n\n\n\n<p>O&nbsp;Sistema Col\u00e9gio Militar do Brasil&nbsp;abrange, atualmente, um corpo discente de 15 mil jovens. S\u00e3o oferecidas vagas para o ensino fundamental e m\u00e9dio&nbsp;e o ingresso \u00e9 feito por concurso p\u00fablico.&nbsp;H\u00e1 unidades de ensino em Campo Grande, Curitiba, Bel\u00e9m, Belo Horizonte, Bras\u00edlia, Fortaleza, Manaus, Porto Alegre, Recife, Rio de Janeiro, Salvador, S\u00e3o Paulo, Juiz de Fora (MG) e&nbsp;Santa Maria (RS).<\/p>\n","protected":false},"excerpt":{"rendered":"<p>O presidente Jair Bolsonaro participou hoje (3) da cerim\u00f4nia de&nbsp;in\u00edcio das obras&nbsp;do Col\u00e9gio Militar de S\u00e3o Paulo (CMSP), no Campo de Marte. A institui\u00e7\u00e3o ser\u00e1&hellip; <\/p>\n","protected":false},"author":1,"featured_media":146802,"comment_status":"closed","ping_status":"closed","sticky":false,"template":"","format":"standard","meta":{"sfsi_plus_gutenberg_text_before_share":"","sfsi_plus_gutenberg_show_text_before_share":"","sfsi_plus_gutenberg_icon_type":"","sfsi_plus_gutenberg_icon_alignemt":"","sfsi_plus_gutenburg_max_per_row":"","footnotes":""},"categories":[11],"tags":[],"class_list":["post-151188","post","type-post","status-publish","format-standard","has-post-thumbnail","hentry","category-politica"],"_links":{"self":[{"href":"https:\/\/www.caririemacao.com\/1\/wp-json\/wp\/v2\/posts\/151188","targetHints":{"allow":["GET"]}}],"collection":[{"href":"https:\/\/www.caririemacao.com\/1\/wp-json\/wp\/v2\/posts"}],"about":[{"href":"https:\/\/www.caririemacao.com\/1\/wp-json\/wp\/v2\/types\/post"}],"author":[{"embeddable":true,"href":"https:\/\/www.caririemacao.com\/1\/wp-json\/wp\/v2\/users\/1"}],"replies":[{"embeddable":true,"href":"https:\/\/www.caririemacao.com\/1\/wp-json\/wp\/v2\/comments?post=151188"}],"version-history":[{"count":1,"href":"https:\/\/www.caririemacao.com\/1\/wp-json\/wp\/v2\/posts\/151188\/revisions"}],"predecessor-version":[{"id":151189,"href":"https:\/\/www.caririemacao.com\/1\/wp-json\/wp\/v2\/posts\/151188\/revisions\/151189"}],"wp:featuredmedia":[{"embeddable":true,"href":"https:\/\/www.caririemacao.com\/1\/wp-json\/wp\/v2\/media\/146802"}],"wp:attachment":[{"href":"https:\/\/www.caririemacao.com\/1\/wp-json\/wp\/v2\/media?parent=151188"}],"wp:term":[{"taxonomy":"category","embeddable":true,"href":"https:\/\/www.caririemacao.com\/1\/wp-json\/wp\/v2\/categories?post=151188"},{"taxonomy":"post_tag","embeddable":true,"href":"https:\/\/www.caririemacao.com\/1\/wp-json\/wp\/v2\/tags?post=151188"}],"curies":[{"name":"wp","href":"https:\/\/api.w.org\/{rel}","templated":true}]}}