{"id":151193,"date":"2020-02-03T13:29:59","date_gmt":"2020-02-03T16:29:59","guid":{"rendered":"http:\/\/www.caririemacao.com\/1\/?p=151193"},"modified":"2020-02-03T13:30:00","modified_gmt":"2020-02-03T16:30:00","slug":"caps-de-sume-encerra-acoes-do-janeiro-branco-2020","status":"publish","type":"post","link":"https:\/\/www.caririemacao.com\/1\/2020\/02\/03\/caps-de-sume-encerra-acoes-do-janeiro-branco-2020\/","title":{"rendered":"CAPS de Sum\u00e9 encerra a\u00e7\u00f5es do Janeiro Branco 2020"},"content":{"rendered":"\n<p>O CAPS I de Sum\u00e9 encerrou as a\u00e7\u00f5es alusivas \u00e0 campanha Janeiro Branco 2020 com uma roda de conversa destinada aos familiares dos usu\u00e1rios, que foi ministrada por profissionais das unidades de sa\u00fade e teve como tema&nbsp;<strong>\u201cPrecisamos falar sobre Sa\u00fade Mental\u201d<\/strong>.<\/p>\n\n\n\n<p>A campanha, que se espalhou para todo o Brasil, surgiu em Minas Gerais em 2014 e se dedica a convidar as pessoas a pensarem sobre suas vidas, seu sentido e seu prop\u00f3sito, a qualidade dos seus relacionamentos e o quanto elas conhecem sobre si mesmas, suas emo\u00e7\u00f5es, pensamentos e sobre os seus comportamentos.<\/p>\n\n\n\n<p>Nesse sentido, o CAPS de Sum\u00e9 realizou, durante todo o m\u00eas de janeiro, v\u00e1rias a\u00e7\u00f5es dentro e fora do servi\u00e7o. Foram realizadas oficinas tem\u00e1ticas, rodas de conversa com usu\u00e1rios e familiares, al\u00e9m de a\u00e7\u00f5es externas visando levar a cultura de sa\u00fade mental \u00e0 popula\u00e7\u00e3o em geral. Nessas a\u00e7\u00f5es, destacam-se as salas de espera realizadas nos postos de sa\u00fade, no Hospital e Maternidade Alice de Almeida e no Cons\u00f3rcio P\u00fablico Intermunicipal de Sa\u00fade do Cariri Ocidental (Cisco).<\/p>\n\n\n\n<p>Ascom<\/p>\n","protected":false},"excerpt":{"rendered":"<p>O CAPS I de Sum\u00e9 encerrou as a\u00e7\u00f5es alusivas \u00e0 campanha Janeiro Branco 2020 com uma roda de conversa destinada aos familiares dos usu\u00e1rios, que&hellip; <\/p>\n","protected":false},"author":2,"featured_media":151194,"comment_status":"closed","ping_status":"closed","sticky":false,"template":"","format":"standard","meta":{"sfsi_plus_gutenberg_text_before_share":"","sfsi_plus_gutenberg_show_text_before_share":"","sfsi_plus_gutenberg_icon_type":"","sfsi_plus_gutenberg_icon_alignemt":"","sfsi_plus_gutenburg_max_per_row":"","footnotes":""},"categories":[6,50],"tags":[],"class_list":["post-151193","post","type-post","status-publish","format-standard","has-post-thumbnail","hentry","category-cidades","category-destaque"],"_links":{"self":[{"href":"https:\/\/www.caririemacao.com\/1\/wp-json\/wp\/v2\/posts\/151193","targetHints":{"allow":["GET"]}}],"collection":[{"href":"https:\/\/www.caririemacao.com\/1\/wp-json\/wp\/v2\/posts"}],"about":[{"href":"https:\/\/www.caririemacao.com\/1\/wp-json\/wp\/v2\/types\/post"}],"author":[{"embeddable":true,"href":"https:\/\/www.caririemacao.com\/1\/wp-json\/wp\/v2\/users\/2"}],"replies":[{"embeddable":true,"href":"https:\/\/www.caririemacao.com\/1\/wp-json\/wp\/v2\/comments?post=151193"}],"version-history":[{"count":1,"href":"https:\/\/www.caririemacao.com\/1\/wp-json\/wp\/v2\/posts\/151193\/revisions"}],"predecessor-version":[{"id":151195,"href":"https:\/\/www.caririemacao.com\/1\/wp-json\/wp\/v2\/posts\/151193\/revisions\/151195"}],"wp:featuredmedia":[{"embeddable":true,"href":"https:\/\/www.caririemacao.com\/1\/wp-json\/wp\/v2\/media\/151194"}],"wp:attachment":[{"href":"https:\/\/www.caririemacao.com\/1\/wp-json\/wp\/v2\/media?parent=151193"}],"wp:term":[{"taxonomy":"category","embeddable":true,"href":"https:\/\/www.caririemacao.com\/1\/wp-json\/wp\/v2\/categories?post=151193"},{"taxonomy":"post_tag","embeddable":true,"href":"https:\/\/www.caririemacao.com\/1\/wp-json\/wp\/v2\/tags?post=151193"}],"curies":[{"name":"wp","href":"https:\/\/api.w.org\/{rel}","templated":true}]}}