{"id":151199,"date":"2020-02-03T13:53:10","date_gmt":"2020-02-03T16:53:10","guid":{"rendered":"http:\/\/www.caririemacao.com\/1\/?p=151199"},"modified":"2020-02-03T13:53:12","modified_gmt":"2020-02-03T16:53:12","slug":"apreensoes-de-armas-aumentam-mais-de-46-no-fim-de-semana-na-paraiba","status":"publish","type":"post","link":"https:\/\/www.caririemacao.com\/1\/2020\/02\/03\/apreensoes-de-armas-aumentam-mais-de-46-no-fim-de-semana-na-paraiba\/","title":{"rendered":"Apreens\u00f5es de armas aumentam mais de 46% no fim de semana na Para\u00edba"},"content":{"rendered":"\n<p>A Pol\u00edcia Militar da Para\u00edba concluiu as a\u00e7\u00f5es e opera\u00e7\u00f5es do fim de semana com a apreens\u00e3o de 22 armas de fogo, em todo o Estado. O n\u00famero \u00e9 46,5% maior do que o registrado no fim de semana passado, quando foram retiradas 15 unidades das ruas. O balan\u00e7o foi divulgado pela Coordenadoria de Estat\u00edstica e Avalia\u00e7\u00e3o (EM\/7), nesta segunda-feira (3).<\/p>\n\n\n\n<p>O resultado das a\u00e7\u00f5es policiais deste primeiro fim de semana de fevereiro teve ainda 82 detidos por roubos, crimes contra a vida, furtos e outros tipos de crimes. Cinco deles foram por mandados de pris\u00e3o e apenas tr\u00eas eram adolescentes.<\/p>\n\n\n\n<p>Nas blitzen e abordagens, foram recuperados 23 ve\u00edculos \u2013 entre carro e motos \u2013 com registros de roubos. No per\u00edodo, a PM realizou 1.132 atendimentos.<\/p>\n\n\n\n<p>O destaque principal foi o aumento do n\u00famero de armas apreendidas, sendo dez delas na capital, desde a noite da sexta-feira.<\/p>\n\n\n\n<p>Combate ao tr\u00e1fico \u2013 As a\u00e7\u00f5es de combate ao tr\u00e1fico, nesse fim de semana, desarticularam dois esquemas que planejavam distribuir drogas em duas cidades paraibanas no carnaval. A primeira a\u00e7\u00e3o foi em Pitimbu, onde os policiais da 1\u00aa Companhia Independente apreenderam sete quilos de maconha, 350 pedras de crack, 239 por\u00e7\u00f5es com coca\u00edna, balan\u00e7a de precis\u00e3o, m\u00e1scaras e uma pistola. Um suspeito foi preso em flagrante A outra foi em Campina Grande, com a apreens\u00e3o de seis litros de lol\u00f3, no bairro do Jos\u00e9 Pinheiro. L\u00e1, dois homens foram presos.<\/p>\n","protected":false},"excerpt":{"rendered":"<p>A Pol\u00edcia Militar da Para\u00edba concluiu as a\u00e7\u00f5es e opera\u00e7\u00f5es do fim de semana com a apreens\u00e3o de 22 armas de fogo, em todo o&hellip; <\/p>\n","protected":false},"author":1,"featured_media":151202,"comment_status":"closed","ping_status":"closed","sticky":false,"template":"","format":"standard","meta":{"sfsi_plus_gutenberg_text_before_share":"","sfsi_plus_gutenberg_show_text_before_share":"","sfsi_plus_gutenberg_icon_type":"","sfsi_plus_gutenberg_icon_alignemt":"","sfsi_plus_gutenburg_max_per_row":"","footnotes":""},"categories":[12],"tags":[],"class_list":["post-151199","post","type-post","status-publish","format-standard","has-post-thumbnail","hentry","category-policia"],"_links":{"self":[{"href":"https:\/\/www.caririemacao.com\/1\/wp-json\/wp\/v2\/posts\/151199","targetHints":{"allow":["GET"]}}],"collection":[{"href":"https:\/\/www.caririemacao.com\/1\/wp-json\/wp\/v2\/posts"}],"about":[{"href":"https:\/\/www.caririemacao.com\/1\/wp-json\/wp\/v2\/types\/post"}],"author":[{"embeddable":true,"href":"https:\/\/www.caririemacao.com\/1\/wp-json\/wp\/v2\/users\/1"}],"replies":[{"embeddable":true,"href":"https:\/\/www.caririemacao.com\/1\/wp-json\/wp\/v2\/comments?post=151199"}],"version-history":[{"count":1,"href":"https:\/\/www.caririemacao.com\/1\/wp-json\/wp\/v2\/posts\/151199\/revisions"}],"predecessor-version":[{"id":151203,"href":"https:\/\/www.caririemacao.com\/1\/wp-json\/wp\/v2\/posts\/151199\/revisions\/151203"}],"wp:featuredmedia":[{"embeddable":true,"href":"https:\/\/www.caririemacao.com\/1\/wp-json\/wp\/v2\/media\/151202"}],"wp:attachment":[{"href":"https:\/\/www.caririemacao.com\/1\/wp-json\/wp\/v2\/media?parent=151199"}],"wp:term":[{"taxonomy":"category","embeddable":true,"href":"https:\/\/www.caririemacao.com\/1\/wp-json\/wp\/v2\/categories?post=151199"},{"taxonomy":"post_tag","embeddable":true,"href":"https:\/\/www.caririemacao.com\/1\/wp-json\/wp\/v2\/tags?post=151199"}],"curies":[{"name":"wp","href":"https:\/\/api.w.org\/{rel}","templated":true}]}}