{"id":151234,"date":"2020-02-03T19:21:54","date_gmt":"2020-02-03T22:21:54","guid":{"rendered":"http:\/\/www.caririemacao.com\/1\/?p=151234"},"modified":"2020-02-03T20:27:30","modified_gmt":"2020-02-03T23:27:30","slug":"prefeito-inacio-nobrega-fez-doacao-de-aparelho-celular-para-o-conselho-tutelar","status":"publish","type":"post","link":"https:\/\/www.caririemacao.com\/1\/2020\/02\/03\/prefeito-inacio-nobrega-fez-doacao-de-aparelho-celular-para-o-conselho-tutelar\/","title":{"rendered":"Prefeito In\u00e1cio N\u00f3brega doa aparelho celular para Conselho Tutelar de Amparo"},"content":{"rendered":"\n<p>Na manh\u00e3 da \u00faltima quinta-feira (30) o Prefeito In\u00e1cio N\u00f3brega fez a entrega de um aparelho celular ao Conselho Tutelar de Amparo, para melhor uso do CT\/Amparo em defesa da crian\u00e7a e do adolescente. <\/p>\n\n\n\n<p>Al\u00e9m do Prefeito e dos Conselheiros, tamb\u00e9m estiveram presentes a Secret\u00e1ria de Assist\u00eancia Social Cleide N\u00f3brega e Edemir Cavalcante, t\u00e9cnico do Centro de Refer\u00eancia de Assist\u00eancia Social (CRAS). <\/p>\n\n\n\n<p>A parceria entre o Governo Municipal vem dando bons frutos com o in\u00edcio da gest\u00e3o dos conselheiros em 2020 que assumiram o compromisso de ter o conselho tutelar  funcionando em condi\u00e7\u00f5es adequadas de atendimento e funcionamento. Os  Conselheiros agradeceram o prefeito In\u00e1cio N\u00f3brega pela a\u00e7\u00e3o.<br> <br> Informa\u00e7\u00f5es: Amparo Ligado<br> Foto: Edemir<br> <\/p>\n\n\n\n<p>.<br><br> <br> Prefeitura Municipal de Amparo<\/p>\n","protected":false},"excerpt":{"rendered":"<p>Na manh\u00e3 da \u00faltima quinta-feira (30) o Prefeito In\u00e1cio N\u00f3brega fez a entrega de um aparelho celular ao Conselho Tutelar de Amparo, para melhor uso&hellip; <\/p>\n","protected":false},"author":2,"featured_media":151243,"comment_status":"closed","ping_status":"closed","sticky":false,"template":"","format":"standard","meta":{"sfsi_plus_gutenberg_text_before_share":"","sfsi_plus_gutenberg_show_text_before_share":"","sfsi_plus_gutenberg_icon_type":"","sfsi_plus_gutenberg_icon_alignemt":"","sfsi_plus_gutenburg_max_per_row":"","footnotes":""},"categories":[6,50],"tags":[],"class_list":["post-151234","post","type-post","status-publish","format-standard","has-post-thumbnail","hentry","category-cidades","category-destaque"],"_links":{"self":[{"href":"https:\/\/www.caririemacao.com\/1\/wp-json\/wp\/v2\/posts\/151234","targetHints":{"allow":["GET"]}}],"collection":[{"href":"https:\/\/www.caririemacao.com\/1\/wp-json\/wp\/v2\/posts"}],"about":[{"href":"https:\/\/www.caririemacao.com\/1\/wp-json\/wp\/v2\/types\/post"}],"author":[{"embeddable":true,"href":"https:\/\/www.caririemacao.com\/1\/wp-json\/wp\/v2\/users\/2"}],"replies":[{"embeddable":true,"href":"https:\/\/www.caririemacao.com\/1\/wp-json\/wp\/v2\/comments?post=151234"}],"version-history":[{"count":3,"href":"https:\/\/www.caririemacao.com\/1\/wp-json\/wp\/v2\/posts\/151234\/revisions"}],"predecessor-version":[{"id":151245,"href":"https:\/\/www.caririemacao.com\/1\/wp-json\/wp\/v2\/posts\/151234\/revisions\/151245"}],"wp:featuredmedia":[{"embeddable":true,"href":"https:\/\/www.caririemacao.com\/1\/wp-json\/wp\/v2\/media\/151243"}],"wp:attachment":[{"href":"https:\/\/www.caririemacao.com\/1\/wp-json\/wp\/v2\/media?parent=151234"}],"wp:term":[{"taxonomy":"category","embeddable":true,"href":"https:\/\/www.caririemacao.com\/1\/wp-json\/wp\/v2\/categories?post=151234"},{"taxonomy":"post_tag","embeddable":true,"href":"https:\/\/www.caririemacao.com\/1\/wp-json\/wp\/v2\/tags?post=151234"}],"curies":[{"name":"wp","href":"https:\/\/api.w.org\/{rel}","templated":true}]}}