{"id":151240,"date":"2020-02-03T20:04:35","date_gmt":"2020-02-03T23:04:35","guid":{"rendered":"http:\/\/www.caririemacao.com\/1\/?p=151240"},"modified":"2020-02-03T20:04:36","modified_gmt":"2020-02-03T23:04:36","slug":"votacao-para-o-afastamento-de-wilson-santiago-acontecera-na-camara-nesta-quarta","status":"publish","type":"post","link":"https:\/\/www.caririemacao.com\/1\/2020\/02\/03\/votacao-para-o-afastamento-de-wilson-santiago-acontecera-na-camara-nesta-quarta\/","title":{"rendered":"Vota\u00e7\u00e3o para o afastamento de Wilson Santiago acontecer\u00e1 na C\u00e2mara, nesta quarta"},"content":{"rendered":"\n<p>De acordo com o presidente da C\u00e2mara dos Deputados, Rodrigo Maia (DEM), estar\u00e1 em pauta na pr\u00f3xima quarta-feira (05) a an\u00e1lise do afastamento do deputado Wilson Santiago (PTB) determinado pelo ministro Celso de Melo, do Supremo Tribunal Federal (STF).<\/p>\n\n\n\n<p>\u201cA vota\u00e7\u00e3o desse assunto tem que ser na primeira sess\u00e3o, ou seja, tem que ser votado at\u00e9 na quarta-feira. Como voc\u00ea vai precisar de todo um rito, das posi\u00e7\u00f5es do deputado e do advogado, acredito que na quarta a C\u00e2mara deve ta votando isso. Amanh\u00e3 [ter\u00e7a] \u00e0s 19h vamos ter vota\u00e7\u00e3o, mas acredito que a gente fa\u00e7a esse processo, comece e termine, na quarta\u201d, disse Maia.<\/p>\n\n\n\n<p>O deputado Santiago foi afastado em 21 dezembro, com base na investiga\u00e7\u00f5es da Opera\u00e7\u00e3o P\u00e9s de Barro, que visou desarticular uma organiza\u00e7\u00e3o criminosa dedicada \u00e0 realiza\u00e7\u00e3o de pagamentos il\u00edcitos e superfaturamentos de obras no Sert\u00e3o da Para\u00edba.<\/p>\n\n\n\n<p>Informa\u00e7\u00f5es: Wallison Bezerra \u2013 MaisPB<\/p>\n","protected":false},"excerpt":{"rendered":"<p>De acordo com o presidente da C\u00e2mara dos Deputados, Rodrigo Maia (DEM), estar\u00e1 em pauta na pr\u00f3xima quarta-feira (05) a an\u00e1lise do afastamento do deputado&hellip; <\/p>\n","protected":false},"author":2,"featured_media":151241,"comment_status":"closed","ping_status":"closed","sticky":false,"template":"","format":"standard","meta":{"sfsi_plus_gutenberg_text_before_share":"","sfsi_plus_gutenberg_show_text_before_share":"","sfsi_plus_gutenberg_icon_type":"","sfsi_plus_gutenberg_icon_alignemt":"","sfsi_plus_gutenburg_max_per_row":"","footnotes":""},"categories":[50,11],"tags":[],"class_list":["post-151240","post","type-post","status-publish","format-standard","has-post-thumbnail","hentry","category-destaque","category-politica"],"_links":{"self":[{"href":"https:\/\/www.caririemacao.com\/1\/wp-json\/wp\/v2\/posts\/151240","targetHints":{"allow":["GET"]}}],"collection":[{"href":"https:\/\/www.caririemacao.com\/1\/wp-json\/wp\/v2\/posts"}],"about":[{"href":"https:\/\/www.caririemacao.com\/1\/wp-json\/wp\/v2\/types\/post"}],"author":[{"embeddable":true,"href":"https:\/\/www.caririemacao.com\/1\/wp-json\/wp\/v2\/users\/2"}],"replies":[{"embeddable":true,"href":"https:\/\/www.caririemacao.com\/1\/wp-json\/wp\/v2\/comments?post=151240"}],"version-history":[{"count":1,"href":"https:\/\/www.caririemacao.com\/1\/wp-json\/wp\/v2\/posts\/151240\/revisions"}],"predecessor-version":[{"id":151242,"href":"https:\/\/www.caririemacao.com\/1\/wp-json\/wp\/v2\/posts\/151240\/revisions\/151242"}],"wp:featuredmedia":[{"embeddable":true,"href":"https:\/\/www.caririemacao.com\/1\/wp-json\/wp\/v2\/media\/151241"}],"wp:attachment":[{"href":"https:\/\/www.caririemacao.com\/1\/wp-json\/wp\/v2\/media?parent=151240"}],"wp:term":[{"taxonomy":"category","embeddable":true,"href":"https:\/\/www.caririemacao.com\/1\/wp-json\/wp\/v2\/categories?post=151240"},{"taxonomy":"post_tag","embeddable":true,"href":"https:\/\/www.caririemacao.com\/1\/wp-json\/wp\/v2\/tags?post=151240"}],"curies":[{"name":"wp","href":"https:\/\/api.w.org\/{rel}","templated":true}]}}