{"id":151254,"date":"2020-02-04T07:09:14","date_gmt":"2020-02-04T10:09:14","guid":{"rendered":"http:\/\/www.caririemacao.com\/1\/?p=151254"},"modified":"2020-02-04T07:09:16","modified_gmt":"2020-02-04T10:09:16","slug":"prefeito-adriano-wolff-amplia-base-na-camara-e-anuncia-apoio-de-mais-um-vereador","status":"publish","type":"post","link":"https:\/\/www.caririemacao.com\/1\/2020\/02\/04\/prefeito-adriano-wolff-amplia-base-na-camara-e-anuncia-apoio-de-mais-um-vereador\/","title":{"rendered":"Prefeito Adriano Wolff amplia base na C\u00e2mara e anuncia apoio de mais um vereador"},"content":{"rendered":"\n<p>O Prefeito de S\u00e3o Sebasti\u00e3o do Umbuzeiro, Adriano Wolff, tem buscado fortalecer cada vez mais o seu grupo visando as elei\u00e7\u00f5es municipais de outubro. Desta vez, o prefeito anunciou o apoio de mais um vereador da oposi\u00e7\u00e3o ao grupo de situa\u00e7\u00e3o.<\/p>\n\n\n\n<p>O vereador Rico passa agora a fazer parte da bancada de situa\u00e7\u00e3o na C\u00e2mara, que j\u00e1 conta com 7 vereadores. Com este, Adriano j\u00e1 recebeu o apoio de dois vereadores da oposi\u00e7\u00e3o, al\u00e9m de apoio de v\u00e1rios outras lideran\u00e7as ao seu grupo, fortalecendo sua pr\u00e9-candidatura \u00e0 reelei\u00e7\u00e3o.<\/p>\n\n\n\n<p>O vereador Rico disse que um dos motivos que o fez aderir ao grupo do Prefeito Adriano foi o trabalho que a gest\u00e3o v\u00eam desenvolvendo no munic\u00edpio, com obras e a\u00e7\u00f5es em todos os recantos do munic\u00edpio, al\u00e9m do di\u00e1logo que o gestor tem com \u00e0 popula\u00e7\u00e3o e com as lideran\u00e7as pol\u00edticas, sempre ouvindo as reivindica\u00e7\u00f5es e atendendo.<\/p>\n\n\n\n<p>J\u00e1 o prefeito Adriano Wolff comemorou a ades\u00e3o de mais um vereador a sua base, e disse que tem buscado ampliar ainda mais o seu grupo, dialogando com as lideran\u00e7as. Adriano ainda destacou que o trabalho da gest\u00e3o tem sido reconhecido por todos no munic\u00edpio, e que em breve mais ades\u00f5es ser\u00e3o anunciadas.<\/p>\n\n\n\n<p>Juntamente com Rico, tamb\u00e9m aderem ao grupo familiares do vereador e lideran\u00e7as que o acompanham. O Presidente da C\u00e2mara, Denis Freitas, tamb\u00e9m participou da reuni\u00e3o de ades\u00e3o.<\/p>\n","protected":false},"excerpt":{"rendered":"<p>O Prefeito de S\u00e3o Sebasti\u00e3o do Umbuzeiro, Adriano Wolff, tem buscado fortalecer cada vez mais o seu grupo visando as elei\u00e7\u00f5es municipais de outubro. Desta&hellip; <\/p>\n","protected":false},"author":1,"featured_media":151255,"comment_status":"closed","ping_status":"closed","sticky":false,"template":"","format":"standard","meta":{"sfsi_plus_gutenberg_text_before_share":"","sfsi_plus_gutenberg_show_text_before_share":"","sfsi_plus_gutenberg_icon_type":"","sfsi_plus_gutenberg_icon_alignemt":"","sfsi_plus_gutenburg_max_per_row":"","footnotes":""},"categories":[6],"tags":[],"class_list":["post-151254","post","type-post","status-publish","format-standard","has-post-thumbnail","hentry","category-cidades"],"_links":{"self":[{"href":"https:\/\/www.caririemacao.com\/1\/wp-json\/wp\/v2\/posts\/151254","targetHints":{"allow":["GET"]}}],"collection":[{"href":"https:\/\/www.caririemacao.com\/1\/wp-json\/wp\/v2\/posts"}],"about":[{"href":"https:\/\/www.caririemacao.com\/1\/wp-json\/wp\/v2\/types\/post"}],"author":[{"embeddable":true,"href":"https:\/\/www.caririemacao.com\/1\/wp-json\/wp\/v2\/users\/1"}],"replies":[{"embeddable":true,"href":"https:\/\/www.caririemacao.com\/1\/wp-json\/wp\/v2\/comments?post=151254"}],"version-history":[{"count":1,"href":"https:\/\/www.caririemacao.com\/1\/wp-json\/wp\/v2\/posts\/151254\/revisions"}],"predecessor-version":[{"id":151256,"href":"https:\/\/www.caririemacao.com\/1\/wp-json\/wp\/v2\/posts\/151254\/revisions\/151256"}],"wp:featuredmedia":[{"embeddable":true,"href":"https:\/\/www.caririemacao.com\/1\/wp-json\/wp\/v2\/media\/151255"}],"wp:attachment":[{"href":"https:\/\/www.caririemacao.com\/1\/wp-json\/wp\/v2\/media?parent=151254"}],"wp:term":[{"taxonomy":"category","embeddable":true,"href":"https:\/\/www.caririemacao.com\/1\/wp-json\/wp\/v2\/categories?post=151254"},{"taxonomy":"post_tag","embeddable":true,"href":"https:\/\/www.caririemacao.com\/1\/wp-json\/wp\/v2\/tags?post=151254"}],"curies":[{"name":"wp","href":"https:\/\/api.w.org\/{rel}","templated":true}]}}