{"id":151257,"date":"2020-02-04T07:10:36","date_gmt":"2020-02-04T10:10:36","guid":{"rendered":"http:\/\/www.caririemacao.com\/1\/?p=151257"},"modified":"2020-02-04T07:10:37","modified_gmt":"2020-02-04T10:10:37","slug":"prefeita-anna-lorena-reune-presidentes-de-todas-as-associacoes-rurais-de-monteiro","status":"publish","type":"post","link":"https:\/\/www.caririemacao.com\/1\/2020\/02\/04\/prefeita-anna-lorena-reune-presidentes-de-todas-as-associacoes-rurais-de-monteiro\/","title":{"rendered":"Prefeita Anna Lorena re\u00fane presidentes de todas as associa\u00e7\u00f5es rurais de Monteiro"},"content":{"rendered":"\n<p>A prefeita de Monteiro, Anna Lorena, reuniu na \u00faltima sexta-feira (31), os presidentes de todas as associa\u00e7\u00f5es rurais do munic\u00edpio e fez uma presta\u00e7\u00e3o de contas das a\u00e7\u00f5es desenvolvidas na zona rural no ano de 2019. O evento contou com a presen\u00e7a da Embrapa, Empaer, Procase, Sindicatos Rurais e outros \u00f3rg\u00e3os ligados ao setor agropecu\u00e1rio.<\/p>\n\n\n\n<p>O Coordenador Regional da EMPAER, Valmir Azevedo, disse que a reuni\u00e3o foi muito importante para fazer levar ao conhecimento de todos os presidentes de Associa\u00e7\u00e3o, o resumo das a\u00e7\u00f5es desenvolvidas. E um dos pontos principais, foi o retorno da cultura do Algod\u00e3o Org\u00e2nico em 2019, que ter\u00e1 a \u00e1rea ampliada em 2020, atrav\u00e9s de duas iniciativas, com o plantio do Algod\u00e3o Para\u00edba e do Algod\u00e3o desenvolvido pela EMBRAPA.<\/p>\n\n\n\n<p>H\u00e9lia Cristina, da Associa\u00e7\u00e3o de Picos, disse que \u00e9 um momento importante para prestar contas das demandas que foram encaminhadas, do que j\u00e1 foi feito e do que est\u00e1 em processo de conclus\u00e3o.<\/p>\n\n\n\n<p>Jos\u00e9 de Erasmo, da Associa\u00e7\u00e3o do Pau Ferro, elogiou o trabalho da prefeita Anna Lorena e afirmou que pela primeira vez na hist\u00f3ria de Monteiro, um gestor recebeu os presidentes de associa\u00e7\u00e3o e p\u00f4de ouvir os elogios, mas tamb\u00e9m ouvir as cr\u00edticas em rela\u00e7\u00e3o \u00e0 sua comunidade. Somente na regi\u00e3o do Pau Ferro, Bom Nome e Malhadinha, foram limpos 38 barreiros.<\/p>\n\n\n\n<p><strong>RESUMO DAS A\u00c7\u00d5ES<\/strong><\/p>\n\n\n\n<p><strong>Ara\u00e7\u00e3o de terras:<\/strong><br>180 hectares de terra<br>101 fam\u00edlias beneficiadas<\/p>\n\n\n\n<p><strong>Campos de produ\u00e7\u00e3o de forragem<\/strong><br>Foram implantados 15 campos de produ\u00e7\u00e3o de forragem em 11 comunidades rurais. Doze campos de produ\u00e7\u00e3o foram contemplados com a perfura\u00e7\u00e3o de po\u00e7os artesianos, instala\u00e7\u00e3o de cata-vento, caixa d\u2019\u00e1gua de 5 mil litros e kit de irriga\u00e7\u00e3o do palmal, nas comunidades de Angiquinho (03); Santa Catarina (01); Pitombeira (01); Garapa (02); Tingui (01); Jabitac\u00e1 (01); Vila Lafayette (01); Pau D\u2019arco (01); e S\u00edtio Extrema (01).<\/p>\n\n\n\n<p>As comunidades rurais de Picos, Barreiros e Angiquinho, tamb\u00e9m foram contempladas com tr\u00eas campos de produ\u00e7\u00e3o de forragem, com a implanta\u00e7\u00e3o de Barragem Subterr\u00e2nea onde foram plantadas 10 mil raquetes de Palma em cada, totalizando 30 mil raquetes plantadas.<\/p>\n\n\n\n<p><strong>Po\u00e7os P\u00fablicos<\/strong><br>foram realizados servi\u00e7os de implanta\u00e7\u00e3o, manuten\u00e7\u00e3o e recupera\u00e7\u00e3o de 365 po\u00e7os p\u00fabicos no sistema de Catavento.<br>servi\u00e7os de implanta\u00e7\u00e3o, manuten\u00e7\u00e3o e recupera\u00e7\u00e3o de 28 po\u00e7os movidos a eletrobomba, sendo 19 eletro bombas consertadas e instaladas 09 eletrobombas submersas novas.<\/p>\n\n\n\n<p><strong>Recupera\u00e7\u00e3o de Estradas<\/strong><br>Foram recuperados mais de 1.800 km de estradas de terra<\/p>\n\n\n\n<p><strong>Ilumina\u00e7\u00e3o Rural<\/strong><br>Durante o ano de 2019, foram atendidas 1.575 resid\u00eancias na zona rural. Nos mesmo foram gastos os seguintes materiais: 1.385 l\u00e2mpadas, 640 rel\u00e9s, 290 lumin\u00e1rias, 343 bases, 102 bocais, 580 conectores de perfura\u00e7\u00e3o e 10 pe\u00e7as de fio 2.5.<\/p>\n\n\n\n<p><strong>Caminh\u00e3o Pipa do PAC<\/strong><br>entrega de 1.021 cargas de 12 mil litros de \u00e1gua, a todos os moradores de todas as comunidades rurais e alguns da zona urbana.<br>Em n\u00fameros redondos, foram entregues, 12.252.000 mil litros d\u2019\u00e1gua, durante os 12 meses do ano, a uma popula\u00e7\u00e3o estimada em 15 mil pessoas residentes na zona rural. Alguns \u00f3rg\u00e3os p\u00fablicos como escolas, creches, orfanato e asilo, tamb\u00e9m s\u00e3o atendidos quando necess\u00e1rio.<\/p>\n\n\n\n<p><strong>Programa de Silagem<\/strong><br>94 pequenos produtores rurais, de forma consorciada, foram atendidos com a patrulha agr\u00edcola mecanizada, adquirida atrav\u00e9s de conv\u00eanio com o Procase, totalizando a produ\u00e7\u00e3o de 305 toneladas de ra\u00e7\u00e3o armazenada.<\/p>\n\n\n\n<p><strong>Dessalinizadores<\/strong><br>Foram implantados 05 (cinco) dessalinizadores nas comunidades rurais, garantindo \u00e1gua limpa e tratada para consumo humano.<\/p>\n\n\n\n<p><em>Ascom PMM<\/em><\/p>\n","protected":false},"excerpt":{"rendered":"<p>A prefeita de Monteiro, Anna Lorena, reuniu na \u00faltima sexta-feira (31), os presidentes de todas as associa\u00e7\u00f5es rurais do munic\u00edpio e fez uma presta\u00e7\u00e3o de&hellip; <\/p>\n","protected":false},"author":1,"featured_media":151258,"comment_status":"closed","ping_status":"closed","sticky":false,"template":"","format":"standard","meta":{"sfsi_plus_gutenberg_text_before_share":"","sfsi_plus_gutenberg_show_text_before_share":"","sfsi_plus_gutenberg_icon_type":"","sfsi_plus_gutenberg_icon_alignemt":"","sfsi_plus_gutenburg_max_per_row":"","footnotes":""},"categories":[2],"tags":[],"class_list":["post-151257","post","type-post","status-publish","format-standard","has-post-thumbnail","hentry","category-geral"],"_links":{"self":[{"href":"https:\/\/www.caririemacao.com\/1\/wp-json\/wp\/v2\/posts\/151257","targetHints":{"allow":["GET"]}}],"collection":[{"href":"https:\/\/www.caririemacao.com\/1\/wp-json\/wp\/v2\/posts"}],"about":[{"href":"https:\/\/www.caririemacao.com\/1\/wp-json\/wp\/v2\/types\/post"}],"author":[{"embeddable":true,"href":"https:\/\/www.caririemacao.com\/1\/wp-json\/wp\/v2\/users\/1"}],"replies":[{"embeddable":true,"href":"https:\/\/www.caririemacao.com\/1\/wp-json\/wp\/v2\/comments?post=151257"}],"version-history":[{"count":1,"href":"https:\/\/www.caririemacao.com\/1\/wp-json\/wp\/v2\/posts\/151257\/revisions"}],"predecessor-version":[{"id":151259,"href":"https:\/\/www.caririemacao.com\/1\/wp-json\/wp\/v2\/posts\/151257\/revisions\/151259"}],"wp:featuredmedia":[{"embeddable":true,"href":"https:\/\/www.caririemacao.com\/1\/wp-json\/wp\/v2\/media\/151258"}],"wp:attachment":[{"href":"https:\/\/www.caririemacao.com\/1\/wp-json\/wp\/v2\/media?parent=151257"}],"wp:term":[{"taxonomy":"category","embeddable":true,"href":"https:\/\/www.caririemacao.com\/1\/wp-json\/wp\/v2\/categories?post=151257"},{"taxonomy":"post_tag","embeddable":true,"href":"https:\/\/www.caririemacao.com\/1\/wp-json\/wp\/v2\/tags?post=151257"}],"curies":[{"name":"wp","href":"https:\/\/api.w.org\/{rel}","templated":true}]}}