{"id":151260,"date":"2020-02-04T07:12:09","date_gmt":"2020-02-04T10:12:09","guid":{"rendered":"http:\/\/www.caririemacao.com\/1\/?p=151260"},"modified":"2020-02-04T07:12:11","modified_gmt":"2020-02-04T10:12:11","slug":"prefeitura-de-sao-joao-do-tigre-lancara-programacao-do-carnaval-2020-nesta-quarta-feira","status":"publish","type":"post","link":"https:\/\/www.caririemacao.com\/1\/2020\/02\/04\/prefeitura-de-sao-joao-do-tigre-lancara-programacao-do-carnaval-2020-nesta-quarta-feira\/","title":{"rendered":"Prefeitura de S\u00e3o Jo\u00e3o do Tigre lan\u00e7ar\u00e1 programa\u00e7\u00e3o do Carnaval 2020 nesta quarta-feira"},"content":{"rendered":"\n<p>O lan\u00e7amento da maior e melhor carnaval do interior da Para\u00edba j\u00e1 tem data marcada. Na pr\u00f3xima quarta-feira, dia 5, a Prefeitura de S\u00e3o Jo\u00e3o do Tigre lan\u00e7ar\u00e1 a programa\u00e7\u00e3o oficial do Carnaval 2020, com grandes atra\u00e7\u00f5es musicais.\u00a0<\/p>\n\n\n\n<p>De acordo com o Prefeito C\u00e9lio Barbosa, a programa\u00e7\u00e3o ser\u00e1 lan\u00e7ado atrav\u00e9s de uma live, que ser\u00e1 transmitida pela p\u00e1gina do Facebook da Prefeitura de S\u00e3o Jo\u00e3o do Tigre, a partir das 18h, direto do audit\u00f3rio da Escola Ana Ferreira Arag\u00e3o.\u00a0<\/p>\n\n\n\n<p>O Prefeito C\u00e9lio ainda afirmou que a popula\u00e7\u00e3o aguarda com muita ansiedade e expectativa a programa\u00e7\u00e3o, e a gest\u00e3o municipal preparou uma super programa\u00e7\u00e3o durante os dias de carnavais, reunindo milhares de pessoas na cidade.\u00a0<\/p>\n\n\n\n<p>O Secret\u00e1rio de Finan\u00e7as, M\u00e1rcio Leite, destacou que a prefeitura de S\u00e3o Jo\u00e3o do Tigre realizar\u00e1 mais uma vez um dos maiores carnavais do Estado, gra\u00e7as ao equil\u00edbrio financeiro que o munic\u00edpio vive desde o in\u00edcio da gest\u00e3o do Prefeito C\u00e9lio.\u00a0<\/p>\n","protected":false},"excerpt":{"rendered":"<p>O lan\u00e7amento da maior e melhor carnaval do interior da Para\u00edba j\u00e1 tem data marcada. Na pr\u00f3xima quarta-feira, dia 5, a Prefeitura de S\u00e3o Jo\u00e3o&hellip; <\/p>\n","protected":false},"author":1,"featured_media":151261,"comment_status":"closed","ping_status":"closed","sticky":false,"template":"","format":"standard","meta":{"sfsi_plus_gutenberg_text_before_share":"","sfsi_plus_gutenberg_show_text_before_share":"","sfsi_plus_gutenberg_icon_type":"","sfsi_plus_gutenberg_icon_alignemt":"","sfsi_plus_gutenburg_max_per_row":"","footnotes":""},"categories":[6],"tags":[],"class_list":["post-151260","post","type-post","status-publish","format-standard","has-post-thumbnail","hentry","category-cidades"],"_links":{"self":[{"href":"https:\/\/www.caririemacao.com\/1\/wp-json\/wp\/v2\/posts\/151260","targetHints":{"allow":["GET"]}}],"collection":[{"href":"https:\/\/www.caririemacao.com\/1\/wp-json\/wp\/v2\/posts"}],"about":[{"href":"https:\/\/www.caririemacao.com\/1\/wp-json\/wp\/v2\/types\/post"}],"author":[{"embeddable":true,"href":"https:\/\/www.caririemacao.com\/1\/wp-json\/wp\/v2\/users\/1"}],"replies":[{"embeddable":true,"href":"https:\/\/www.caririemacao.com\/1\/wp-json\/wp\/v2\/comments?post=151260"}],"version-history":[{"count":1,"href":"https:\/\/www.caririemacao.com\/1\/wp-json\/wp\/v2\/posts\/151260\/revisions"}],"predecessor-version":[{"id":151262,"href":"https:\/\/www.caririemacao.com\/1\/wp-json\/wp\/v2\/posts\/151260\/revisions\/151262"}],"wp:featuredmedia":[{"embeddable":true,"href":"https:\/\/www.caririemacao.com\/1\/wp-json\/wp\/v2\/media\/151261"}],"wp:attachment":[{"href":"https:\/\/www.caririemacao.com\/1\/wp-json\/wp\/v2\/media?parent=151260"}],"wp:term":[{"taxonomy":"category","embeddable":true,"href":"https:\/\/www.caririemacao.com\/1\/wp-json\/wp\/v2\/categories?post=151260"},{"taxonomy":"post_tag","embeddable":true,"href":"https:\/\/www.caririemacao.com\/1\/wp-json\/wp\/v2\/tags?post=151260"}],"curies":[{"name":"wp","href":"https:\/\/api.w.org\/{rel}","templated":true}]}}