{"id":151265,"date":"2020-02-04T07:16:12","date_gmt":"2020-02-04T10:16:12","guid":{"rendered":"http:\/\/www.caririemacao.com\/1\/?p=151265"},"modified":"2020-02-04T07:16:14","modified_gmt":"2020-02-04T10:16:14","slug":"paraiba-recebe-mais-de-r-38-milhoes-em-recursos-do-fundeb-para-educacao-confira-a-lista-de-valores-de-cada-municipio-do-cariri","status":"publish","type":"post","link":"https:\/\/www.caririemacao.com\/1\/2020\/02\/04\/paraiba-recebe-mais-de-r-38-milhoes-em-recursos-do-fundeb-para-educacao-confira-a-lista-de-valores-de-cada-municipio-do-cariri\/","title":{"rendered":"Para\u00edba recebe mais de R$ 38 milh\u00f5es em recursos do Fundeb para educa\u00e7\u00e3o; Confira a lista de valores de cada munic\u00edpio do Cariri"},"content":{"rendered":"\n<p>A educa\u00e7\u00e3o do estado da Para\u00edba receber\u00e1 R$ 38.295.788,92, o recurso faz parte do repasse da Fundo de Manuten\u00e7\u00e3o e Desenvolvimento da Educa\u00e7\u00e3o B\u00e1sica e de Valoriza\u00e7\u00e3o dos Profissionais da Educa\u00e7\u00e3o (Fundeb). De acordo com os dados divulgados pela Confedera\u00e7\u00e3o Nacional dos Munic\u00edpios, o montante ser\u00e1 investido por meio de duas parcelas, o primeiro \u00e9 referente ainda ao ano de 2019. J\u00e1 o segundo repasse, faz parte do primeiro repasse da complementa\u00e7\u00e3o federal de 2020.<\/p>\n\n\n\n<p>As transfer\u00eancias federais do Fundeb acontecem a t\u00edtulo de complementa\u00e7\u00e3o. O investimento em todo o Brasil chega ao valor de R$ 4,5 bilh\u00f5es, os recursos devem ser pagos nesta sexta-feira (29).<\/p>\n\n\n\n<p>Na Para\u00edba, todos os munic\u00edpios receber\u00e3o recursos, Jo\u00e3o Pessoa lidera com R$ 3.049.566,96 em segundo, a cidade que mais ser\u00e1 beneficiada \u00e9 Campina Grande R$ 1.561.792,70, seguida por Santa Rita com R$ 718.841,47 e Patos, que receber\u00e1 R$ 457.754,34.<\/p>\n\n\n\n<p>Na regi\u00e3o do Cariri,&nbsp; os munic\u00edpios de Monteiro, Sum\u00e9 e Boqueir\u00e3o receber\u00e3o os maiores repasses da complementa\u00e7\u00e3o do Fundeb 2020.<\/p>\n\n\n\n<p>O Fundeb \u00e9 um fundo especial formado entre outras coisas, por recursos oriundos de impostos e transfer\u00eancias constitucionais dos estados, Distrito Federal e munic\u00edpios, que s\u00e3o destinados \u00e0 educa\u00e7\u00e3o b\u00e1sica. Os valores recebidos por cada ente da Federa\u00e7\u00e3o s\u00e3o calculados conforme o n\u00famero de estudantes matriculados nas escolas p\u00fablicas, \u00e9 levado em considera\u00e7\u00e3o o valor a ser aplicado por cada aluno.<\/p>\n\n\n\n<p><strong>CONFIRA OS VALORES DA COMPLEMENTA\u00c7\u00c3O DO FUNDEB DOS MUNIC\u00cdPIOS DO CARIRI:<\/strong><\/p>\n\n\n\n<p>ALCANTIL: 49.457,48<\/p>\n\n\n\n<p>AMPARO: 25.237,33<\/p>\n\n\n\n<p>ASSUNC\u00c3O: 44.655,16<\/p>\n\n\n\n<p>BARRA DE S\u00c3O MIGUEL: 66.118,29<\/p>\n\n\n\n<p>BOA VISTA:&nbsp; 70.091,20<\/p>\n\n\n\n<p>BOQUEIR\u00c3O: 121.499,95<\/p>\n\n\n\n<p>CABACEIRAS: 42.031,09<\/p>\n\n\n\n<p>CAMALA\u00da: 63.394,89<\/p>\n\n\n\n<p>CARA\u00daBAS: 32.132,06<\/p>\n\n\n\n<p>CONGO: 42.871,53<\/p>\n\n\n\n<p>COXIXOLA: 8.084,04<\/p>\n\n\n\n<p>GURJ\u00c3O: 33.553,04<\/p>\n\n\n\n<p>LIVRAMENTO: 71.849,71<\/p>\n\n\n\n<p>MONTEIRO: 232.261,44<\/p>\n\n\n\n<p>OURO VELHO: 25.490,33<\/p>\n\n\n\n<p>PARARI: 11.429,55<\/p>\n\n\n\n<p>PRATA: 36.294,70<\/p>\n\n\n\n<p>RIACHO DE SANTO ANT\u00d4NIO: 25.038,05<\/p>\n\n\n\n<p>SANTO ANDRE: 23.468,11<\/p>\n\n\n\n<p>S\u00c3O DOMINGOS DO CARIRI: 22.234,67<\/p>\n\n\n\n<p>S\u00c3O JO\u00c3O DO CARIRI: 37.045,47<\/p>\n\n\n\n<p>S\u00c3O JO\u00c3O DO TIGRE: 46.502,74<\/p>\n\n\n\n<p>S\u00c3O JOSE DOS CORDEIROS: 16.963,24<\/p>\n\n\n\n<p>S\u00c3O SEBASTI\u00c3O DO UMBUZEIRO: 33.869,95<\/p>\n\n\n\n<p>SERRA BRANCA: 66.817,41<\/p>\n\n\n\n<p>SUM\u00c9: 126.954,72<\/p>\n\n\n\n<p>TAPERO\u00c1: 90.761,22<\/p>\n\n\n\n<p>ZABEL\u00ca: 26.342,77<\/p>\n\n\n\n<p><em>Mais PB<\/em><\/p>\n","protected":false},"excerpt":{"rendered":"<p>A educa\u00e7\u00e3o do estado da Para\u00edba receber\u00e1 R$ 38.295.788,92, o recurso faz parte do repasse da Fundo de Manuten\u00e7\u00e3o e Desenvolvimento da Educa\u00e7\u00e3o B\u00e1sica e&hellip; <\/p>\n","protected":false},"author":1,"featured_media":27129,"comment_status":"closed","ping_status":"closed","sticky":false,"template":"","format":"standard","meta":{"sfsi_plus_gutenberg_text_before_share":"","sfsi_plus_gutenberg_show_text_before_share":"","sfsi_plus_gutenberg_icon_type":"","sfsi_plus_gutenberg_icon_alignemt":"","sfsi_plus_gutenburg_max_per_row":"","footnotes":""},"categories":[50,14],"tags":[],"class_list":["post-151265","post","type-post","status-publish","format-standard","has-post-thumbnail","hentry","category-destaque","category-educacao"],"_links":{"self":[{"href":"https:\/\/www.caririemacao.com\/1\/wp-json\/wp\/v2\/posts\/151265","targetHints":{"allow":["GET"]}}],"collection":[{"href":"https:\/\/www.caririemacao.com\/1\/wp-json\/wp\/v2\/posts"}],"about":[{"href":"https:\/\/www.caririemacao.com\/1\/wp-json\/wp\/v2\/types\/post"}],"author":[{"embeddable":true,"href":"https:\/\/www.caririemacao.com\/1\/wp-json\/wp\/v2\/users\/1"}],"replies":[{"embeddable":true,"href":"https:\/\/www.caririemacao.com\/1\/wp-json\/wp\/v2\/comments?post=151265"}],"version-history":[{"count":1,"href":"https:\/\/www.caririemacao.com\/1\/wp-json\/wp\/v2\/posts\/151265\/revisions"}],"predecessor-version":[{"id":151266,"href":"https:\/\/www.caririemacao.com\/1\/wp-json\/wp\/v2\/posts\/151265\/revisions\/151266"}],"wp:featuredmedia":[{"embeddable":true,"href":"https:\/\/www.caririemacao.com\/1\/wp-json\/wp\/v2\/media\/27129"}],"wp:attachment":[{"href":"https:\/\/www.caririemacao.com\/1\/wp-json\/wp\/v2\/media?parent=151265"}],"wp:term":[{"taxonomy":"category","embeddable":true,"href":"https:\/\/www.caririemacao.com\/1\/wp-json\/wp\/v2\/categories?post=151265"},{"taxonomy":"post_tag","embeddable":true,"href":"https:\/\/www.caririemacao.com\/1\/wp-json\/wp\/v2\/tags?post=151265"}],"curies":[{"name":"wp","href":"https:\/\/api.w.org\/{rel}","templated":true}]}}