{"id":151267,"date":"2020-02-04T07:17:43","date_gmt":"2020-02-04T10:17:43","guid":{"rendered":"http:\/\/www.caririemacao.com\/1\/?p=151267"},"modified":"2020-02-04T07:17:45","modified_gmt":"2020-02-04T10:17:45","slug":"carreta-carregada-de-algodao-tomba-e-deixa-uma-mulher-gravemente-ferida-em-alcantil","status":"publish","type":"post","link":"https:\/\/www.caririemacao.com\/1\/2020\/02\/04\/carreta-carregada-de-algodao-tomba-e-deixa-uma-mulher-gravemente-ferida-em-alcantil\/","title":{"rendered":"Carreta carregada de algod\u00e3o tomba e deixa uma mulher gravemente ferida em Alcantil"},"content":{"rendered":"\n<p>Um acidente envolvendo uma carreta carregada de algod\u00e3o, tombou na manh\u00e3 desta segunda-feira (03), e deixou uma mulher gravemente ferida, no Km 187, da BR 104, pr\u00f3ximo a cidade de Alcantil, Cariri da Para\u00edba. De acordo com a Pol\u00edcia Rodovi\u00e1ria Federal (PRF), uma mulher ficou presa as ferragens do ve\u00edculo.<\/p>\n\n\n\n<p>Equipes de socorro foram acionadas para retirar a v\u00edtima das ferragens. De acordo com as primeiras informa\u00e7\u00f5es, a v\u00edtima estava gravemente ferida.<\/p>\n\n\n\n<p>Por causa do acidente, uma faixa da rodovia foi interditada. Agentes da PRF foram acionados para controlar o tr\u00e2nsito no local e evitar novas colis\u00f5es. A PRF n\u00e3o informou o que ocasionou o acidente.<\/p>\n\n\n\n<p><em>Click PB<\/em><\/p>\n","protected":false},"excerpt":{"rendered":"<p>Um acidente envolvendo uma carreta carregada de algod\u00e3o, tombou na manh\u00e3 desta segunda-feira (03), e deixou uma mulher gravemente ferida, no Km 187, da BR&hellip; <\/p>\n","protected":false},"author":1,"featured_media":151268,"comment_status":"closed","ping_status":"closed","sticky":false,"template":"","format":"standard","meta":{"sfsi_plus_gutenberg_text_before_share":"","sfsi_plus_gutenberg_show_text_before_share":"","sfsi_plus_gutenberg_icon_type":"","sfsi_plus_gutenberg_icon_alignemt":"","sfsi_plus_gutenburg_max_per_row":"","footnotes":""},"categories":[12],"tags":[],"class_list":["post-151267","post","type-post","status-publish","format-standard","has-post-thumbnail","hentry","category-policia"],"_links":{"self":[{"href":"https:\/\/www.caririemacao.com\/1\/wp-json\/wp\/v2\/posts\/151267","targetHints":{"allow":["GET"]}}],"collection":[{"href":"https:\/\/www.caririemacao.com\/1\/wp-json\/wp\/v2\/posts"}],"about":[{"href":"https:\/\/www.caririemacao.com\/1\/wp-json\/wp\/v2\/types\/post"}],"author":[{"embeddable":true,"href":"https:\/\/www.caririemacao.com\/1\/wp-json\/wp\/v2\/users\/1"}],"replies":[{"embeddable":true,"href":"https:\/\/www.caririemacao.com\/1\/wp-json\/wp\/v2\/comments?post=151267"}],"version-history":[{"count":1,"href":"https:\/\/www.caririemacao.com\/1\/wp-json\/wp\/v2\/posts\/151267\/revisions"}],"predecessor-version":[{"id":151269,"href":"https:\/\/www.caririemacao.com\/1\/wp-json\/wp\/v2\/posts\/151267\/revisions\/151269"}],"wp:featuredmedia":[{"embeddable":true,"href":"https:\/\/www.caririemacao.com\/1\/wp-json\/wp\/v2\/media\/151268"}],"wp:attachment":[{"href":"https:\/\/www.caririemacao.com\/1\/wp-json\/wp\/v2\/media?parent=151267"}],"wp:term":[{"taxonomy":"category","embeddable":true,"href":"https:\/\/www.caririemacao.com\/1\/wp-json\/wp\/v2\/categories?post=151267"},{"taxonomy":"post_tag","embeddable":true,"href":"https:\/\/www.caririemacao.com\/1\/wp-json\/wp\/v2\/tags?post=151267"}],"curies":[{"name":"wp","href":"https:\/\/api.w.org\/{rel}","templated":true}]}}