{"id":151273,"date":"2020-02-04T07:22:46","date_gmt":"2020-02-04T10:22:46","guid":{"rendered":"http:\/\/www.caririemacao.com\/1\/?p=151273"},"modified":"2020-02-04T07:22:48","modified_gmt":"2020-02-04T10:22:48","slug":"divulgado-trailer-de-filmes-sobre-suzane-von-richthofen","status":"publish","type":"post","link":"https:\/\/www.caririemacao.com\/1\/2020\/02\/04\/divulgado-trailer-de-filmes-sobre-suzane-von-richthofen\/","title":{"rendered":"Divulgado trailer de filmes sobre Suzane Von Richthofen"},"content":{"rendered":"\n<p>Foi lan\u00e7ado nesta segunda-feira (3) o trailer dos filmes &#8220;A menina que matou os pais&#8221; e &#8220;O menino que matou meus pais&#8221;. A hist\u00f3ria de Suzane von Richthofen, que planejou o assassinato dos pais em outubro de 2002, ser\u00e1 contada nestes dois filmes com pontos de vista diferentes.<\/p>\n\n\n\n<figure><iframe width=\"500\" height=\"281\" data-src=\"https:\/\/www.youtube.com\/embed\/N8EyzaL0FgE\" allowfullscreen=\"\" src=\"data:image\/svg+xml;base64,PHN2ZyB3aWR0aD0iMSIgaGVpZ2h0PSIxIiB4bWxucz0iaHR0cDovL3d3dy53My5vcmcvMjAwMC9zdmciPjwvc3ZnPg==\" class=\"lazyload\" data-load-mode=\"1\"><\/iframe><\/figure>\n\n\n\n<p>Antes previsto para 2019, o lan\u00e7amento ser\u00e1 no dia 2 de abril de 2020. Os longas ter\u00e3o suas sess\u00f5es alternadas nas mesmas salas.<\/p>\n\n\n\n<p>\u201c\u00c9 um caso \u00fanico no cinema mundial essa produ\u00e7\u00e3o exatamente da mesma hist\u00f3ria, por\u00e9m com olhares diferentes. \u00c9 uma oportunidade para o p\u00fablico analisar e chegar \u00e0 sua pr\u00f3pria conclus\u00e3o sobre os fatos&#8221;, diz comunicado.<\/p>\n\n\n\n<p>A produ\u00e7\u00e3o n\u00e3o tem rela\u00e7\u00e3o com nenhum dos autores do crime e tem como fonte os autos do processo. \u201cTemos discutido muito internamente o que \u00e9 verdade. O que ela fala e o que ele fala. \u00c9 verdade? Se eles est\u00e3o falando coisas diferentes, qual \u00e9 a verdade?&#8221;.<\/p>\n\n\n\n<p>&#8220;Um filme ser\u00e1 a vers\u00e3o da Suzane e o outro, a do Daniel. S\u00e3o coisas que a gente descobriu na leitura do processo, vers\u00f5es, \u00e0s vezes do mesmo fato, mas diferentes\u201d, diz o diretor Maur\u00edcio E\u00e7a.<\/p>\n\n\n\n<p><strong>Elenco<\/strong><br><\/p>\n\n\n\n<p>Suzane Von Richthofen ser\u00e1 interpretada por Carla Diaz. J\u00e1 o papel de Daniel Cravinhos ficou com o ator Leonardo Bittencourt.<\/p>\n\n\n\n<p>\u201cFui educada amando meus pais. Ent\u00e3o n\u00e3o entra na minha cabe\u00e7a uma filha fazer isso com os pr\u00f3prios pais. Olhando para a hist\u00f3ria por esse ponto de vista, assumir esse papel \u00e9 um grande desafio pra mim como atriz. \u00c9 uma hist\u00f3ria t\u00e3o tr\u00e1gica e t\u00e3o chocante para todo mundo. Realmente acredito que hist\u00f3rias assim n\u00e3o podem ser esquecidas\u201d, afirma Carla, que tinha 12 anos quando o crime aconteceu.<\/p>\n\n\n\n<p>\u201cA primeira coisa que me veio \u00e0 cabe\u00e7a \u00e9 uma frase que a gente escuta desde a escola: \u2018Voc\u00ea aprende Hist\u00f3ria para n\u00e3o cometer os mesmos erros\u2019, diz Leonardo ao relembrar o momento que recebeu o convite para estrelar o filme.<\/p>\n\n\n\n<p>O ator tamb\u00e9m fala sobre o apoio de amigos e familiares para representar Daniel no longa. \u201cEles entenderam a grandiosidade do projeto e ficaram felizes por eu ter esse desafio pela frente\u201d.<\/p>\n\n\n\n<p><strong>O crime<\/strong><br><\/p>\n\n\n\n<p>Manfred e Mar\u00edsia foram mortos a pauladas enquanto dormiam. O crime foi cometido pelos irm\u00e3os Daniel e Cristian Cravinhos, \u00e0 \u00e9poca namorado e cunhado de Suzane. Ela foi condenada a 39 anos de pris\u00e3o por ter sido considerada mentora da a\u00e7\u00e3o.<\/p>\n\n\n\n<p>Daniel Cravinhos j\u00e1 cumpre pena no regime aberto. Cristian estava no mesmo regime, mas foi preso em 2018 por posse ilegal de muni\u00e7\u00e3o ap\u00f3s se envolver em uma confus\u00e3o em um bar de Sorocaba (SP).<\/p>\n","protected":false},"excerpt":{"rendered":"<p>Foi lan\u00e7ado nesta segunda-feira (3) o trailer dos filmes &#8220;A menina que matou os pais&#8221; e &#8220;O menino que matou meus pais&#8221;. A hist\u00f3ria de&hellip; <\/p>\n","protected":false},"author":1,"featured_media":151274,"comment_status":"closed","ping_status":"closed","sticky":false,"template":"","format":"standard","meta":{"sfsi_plus_gutenberg_text_before_share":"","sfsi_plus_gutenberg_show_text_before_share":"","sfsi_plus_gutenberg_icon_type":"","sfsi_plus_gutenberg_icon_alignemt":"","sfsi_plus_gutenburg_max_per_row":"","footnotes":""},"categories":[2],"tags":[],"class_list":["post-151273","post","type-post","status-publish","format-standard","has-post-thumbnail","hentry","category-geral"],"_links":{"self":[{"href":"https:\/\/www.caririemacao.com\/1\/wp-json\/wp\/v2\/posts\/151273","targetHints":{"allow":["GET"]}}],"collection":[{"href":"https:\/\/www.caririemacao.com\/1\/wp-json\/wp\/v2\/posts"}],"about":[{"href":"https:\/\/www.caririemacao.com\/1\/wp-json\/wp\/v2\/types\/post"}],"author":[{"embeddable":true,"href":"https:\/\/www.caririemacao.com\/1\/wp-json\/wp\/v2\/users\/1"}],"replies":[{"embeddable":true,"href":"https:\/\/www.caririemacao.com\/1\/wp-json\/wp\/v2\/comments?post=151273"}],"version-history":[{"count":1,"href":"https:\/\/www.caririemacao.com\/1\/wp-json\/wp\/v2\/posts\/151273\/revisions"}],"predecessor-version":[{"id":151275,"href":"https:\/\/www.caririemacao.com\/1\/wp-json\/wp\/v2\/posts\/151273\/revisions\/151275"}],"wp:featuredmedia":[{"embeddable":true,"href":"https:\/\/www.caririemacao.com\/1\/wp-json\/wp\/v2\/media\/151274"}],"wp:attachment":[{"href":"https:\/\/www.caririemacao.com\/1\/wp-json\/wp\/v2\/media?parent=151273"}],"wp:term":[{"taxonomy":"category","embeddable":true,"href":"https:\/\/www.caririemacao.com\/1\/wp-json\/wp\/v2\/categories?post=151273"},{"taxonomy":"post_tag","embeddable":true,"href":"https:\/\/www.caririemacao.com\/1\/wp-json\/wp\/v2\/tags?post=151273"}],"curies":[{"name":"wp","href":"https:\/\/api.w.org\/{rel}","templated":true}]}}