{"id":151278,"date":"2020-02-04T07:24:05","date_gmt":"2020-02-04T10:24:05","guid":{"rendered":"http:\/\/www.caririemacao.com\/1\/?p=151278"},"modified":"2020-02-04T07:24:07","modified_gmt":"2020-02-04T10:24:07","slug":"reforma-ministerial-de-bolsonaro-esta-descartada-e-weintraub-segue-no-cargo-diz-onyx","status":"publish","type":"post","link":"https:\/\/www.caririemacao.com\/1\/2020\/02\/04\/reforma-ministerial-de-bolsonaro-esta-descartada-e-weintraub-segue-no-cargo-diz-onyx\/","title":{"rendered":"Reforma ministerial de Bolsonaro est\u00e1 descartada, e Weintraub segue no cargo, diz Onyx"},"content":{"rendered":"\n<p>O ministro Onyx Lorenzoni (Casa Civil) afirmou nesta segunda-feira (3) que o presidente Jair Bolsonaro n\u00e3o pretende promover uma reforma ministerial e que o titular da Educa\u00e7\u00e3o, Abraham Weintraub, permanecer\u00e1 no cargo.<\/p>\n\n\n\n<p>&#8220;N\u00e3o, na nossa conversa de s\u00e1bado (1\u00ba) eu abordei esse assunto e ele [Bolsonaro] foi muito firme em me dizer &#8216;n\u00e3o&#8217;. &#8216;N\u00e3o quero mudar ningu\u00e9m, estou satisfeito com o desempenho de todos&#8217;. Eventualmente pode ter claro uma quest\u00e3o aqui ou acol\u00e1, isso \u00e9 normal&#8221;, disse Onyx, em entrevista \u00e0 R\u00e1dio Ga\u00facha. Segundo o ministro, Bolsonaro est\u00e1 &#8220;plenamente satisfeito&#8221; com a sua equipe.<\/p>\n\n\n\n<p>Um dos bra\u00e7os direitos de Bolsonaro, Jorge Oliveira (Secretaria-Geral) tamb\u00e9m disse nesta segunda (3) que o presidente n\u00e3o pretende mexer no seu time no momento.<\/p>\n\n\n\n<p>Onyx antecipou sua volta das f\u00e9rias na sexta-feira (31) em meio ao esvaziamento das fun\u00e7\u00f5es da Casa Civil e da demiss\u00e3o de auxiliares. O enfraquecimento das atribui\u00e7\u00f5es do ministro fizeram com que aliados do presidente passassem a apostar na sua sa\u00edda da chefia da Casa Civil.<\/p>\n\n\n\n<p>O presidente Jair Bolsonaro decidiu retirar da pasta o PPI (Programa de Parceira de Investimentos) ap\u00f3s demiss\u00e3o, recontrata\u00e7\u00e3o e nova demiss\u00e3o de Vicente Santini, secret\u00e1rio-executivo de Onyx.<\/p>\n\n\n\n<p>Santini foi destitu\u00eddo do cargo por Bolsonaro ap\u00f3s viajar com duas assessoras em um voo exclusivo da FAB (For\u00e7a A\u00e9rea Brasil) de Davos (Su\u00ed\u00e7a) para D\u00e9li (\u00cdndia), epis\u00f3dio que foi classificado de imoral pelo presidente.<\/p>\n\n\n\n<p>Na entrevista desta segunda, Onyx minimizou a desidrata\u00e7\u00e3o da Casa Civil e disse que a estrutura ainda tem diversas tarefas a desempenhar no governo.<\/p>\n\n\n\n<p>Entre as alternativas discutidas por Bolsonaro com assessores para debelar a crise com o aliado, est\u00e1 a transfer\u00eancia de Onyx para outra pasta -hip\u00f3tese que o ministro nega.<\/p>\n\n\n\n<p>Uma das op\u00e7\u00f5es levantada por auxiliares no fim de semana \u00e9 a ida de Onyx para o minist\u00e9rio da Educa\u00e7\u00e3o. Seria tamb\u00e9m uma forma de Bolsonaro atender \u00e0 ala do governo e os congressistas que cobram a demiss\u00e3o de Weintraub.<\/p>\n\n\n\n<p>O titular da Educa\u00e7\u00e3o est\u00e1 sob forte press\u00e3o em raz\u00e3o da crise decorrente de problemas nas notas do Enem, o que afetou tamb\u00e9m o sistema de sele\u00e7\u00e3o para institui\u00e7\u00f5es de ensino superior, o Sisu.&nbsp;<\/p>\n\n\n\n<p>Weintraub ainda tem sido criticado pelo presidente da C\u00e2mara, Rodrigo Maia (DEM-RJ), que o chamou de desastre.<\/p>\n\n\n\n<p>Onyx disse nesta segunda que Bolsonaro n\u00e3o vai demitir Weintraub.<\/p>\n\n\n\n<p>&#8220;N\u00e3o, n\u00e3o vai ser substitu\u00eddo n\u00e3o. Eu tomei um caf\u00e9 com o presidente Rodrigo Maia, conversamos de muitas coisas. Eu marquei um almo\u00e7o amanh\u00e3 com o ministro Abraham Weintraub. Eu acho que vamos conseguir levantar uma bandeira branca e a\u00ed poder dar um pouco de tranquilidade, porque o Brasil precisa e a educa\u00e7\u00e3o \u00e9 algo important\u00edssimo no nosso pa\u00eds&#8221;, disse.<\/p>\n\n\n\n<p>O chefe da Casa Civil reconheceu tamb\u00e9m que Weintraub tem um &#8220;conte\u00fado ideol\u00f3gico forte&#8221;, o que tem causado rea\u00e7\u00f5es.<\/p>\n\n\n\n<p>&#8220;Isso \u00e9 normal e natural, n\u00f3s somos um governo de direita, somos uma alian\u00e7a conservadora liberal. N\u00f3s nos orgulhamos e defendemos isso. Muitos dos nossos posicionamentos \u00e1s vezes s\u00e3o interpretados equivocadamente&#8221;.<\/p>\n\n\n\n<p>Ainda de acordo com Onyx, o ministro da Educa\u00e7\u00e3o est\u00e1 encontrando &#8220;o ponto de equil\u00edbrio&#8221; na sua rela\u00e7\u00e3o com o setor, bem como no di\u00e1logo com o Congresso. &#8220;E ele vem encontrando esse ponto. Acho que eu sou um bom bombeiro&#8221;, concluiu.<\/p>\n\n\n\n<p>Ap\u00f3s acompanhar a abertura dos trabalhos do Judici\u00e1rio, no STF (Supremo Tribunal Federal), Jorge Oliveira, chefe da Secretaria Geral, que foi inclusive apontado no Planalto como uma op\u00e7\u00e3o para assumir a Casa Civil caso o posto ficasse vago, corroborou a fala do colega e ainda negou que Onyx tenha tido seus poderes esvaziados.<\/p>\n\n\n\n<p>&#8220;O ministro Onyx permanece. A Casa Civil \u00e9 a locomotiva do governo. Analisa m\u00e9rito (dos projetos do governo), conversa com os minist\u00e9rios, estabelece o ritmo das prioridades, harmoniza eventuais diverg\u00eancias do ponto de vista de cada pasta. O coordenador dos minist\u00e9rios \u00e9 o chefe da Casa Civil&#8221;, disse o ministro. Segundo ele, a &#8220;ess\u00eancia&#8221; da pasta foi preservada.<\/p>\n\n\n\n<p>A retirada do PPI do minist\u00e9rio foi um &#8220;ajuste de gest\u00e3o de Bolsonaro&#8221;, disse Oliveira, que teve &#8220;o sentido de dar maior celeridade a grandes programas de parcerias de investimento e desestatiza\u00e7\u00f5es&#8221;. Ele, por\u00e9m, nega que tenha havido atraso nos trabalhos da Casa Civil. &#8220;N\u00e3o \u00e9 que est\u00e1 atrasando. A economia tem um ritmo mais apurado e a voca\u00e7\u00e3o da equipe econ\u00f4mica \u00e9 mais direcionada ao assunto. N\u00e3o havia reparo a ser feito na condu\u00e7\u00e3o da Casa Civil, mas foi um ato do presidente, que entendeu por deslocar a estrutura para o Minist\u00e9rio da Economia.&#8221;<\/p>\n","protected":false},"excerpt":{"rendered":"<p>O ministro Onyx Lorenzoni (Casa Civil) afirmou nesta segunda-feira (3) que o presidente Jair Bolsonaro n\u00e3o pretende promover uma reforma ministerial e que o titular&hellip; <\/p>\n","protected":false},"author":1,"featured_media":118380,"comment_status":"closed","ping_status":"closed","sticky":false,"template":"","format":"standard","meta":{"sfsi_plus_gutenberg_text_before_share":"","sfsi_plus_gutenberg_show_text_before_share":"","sfsi_plus_gutenberg_icon_type":"","sfsi_plus_gutenberg_icon_alignemt":"","sfsi_plus_gutenburg_max_per_row":"","footnotes":""},"categories":[11],"tags":[],"class_list":["post-151278","post","type-post","status-publish","format-standard","has-post-thumbnail","hentry","category-politica"],"_links":{"self":[{"href":"https:\/\/www.caririemacao.com\/1\/wp-json\/wp\/v2\/posts\/151278","targetHints":{"allow":["GET"]}}],"collection":[{"href":"https:\/\/www.caririemacao.com\/1\/wp-json\/wp\/v2\/posts"}],"about":[{"href":"https:\/\/www.caririemacao.com\/1\/wp-json\/wp\/v2\/types\/post"}],"author":[{"embeddable":true,"href":"https:\/\/www.caririemacao.com\/1\/wp-json\/wp\/v2\/users\/1"}],"replies":[{"embeddable":true,"href":"https:\/\/www.caririemacao.com\/1\/wp-json\/wp\/v2\/comments?post=151278"}],"version-history":[{"count":1,"href":"https:\/\/www.caririemacao.com\/1\/wp-json\/wp\/v2\/posts\/151278\/revisions"}],"predecessor-version":[{"id":151279,"href":"https:\/\/www.caririemacao.com\/1\/wp-json\/wp\/v2\/posts\/151278\/revisions\/151279"}],"wp:featuredmedia":[{"embeddable":true,"href":"https:\/\/www.caririemacao.com\/1\/wp-json\/wp\/v2\/media\/118380"}],"wp:attachment":[{"href":"https:\/\/www.caririemacao.com\/1\/wp-json\/wp\/v2\/media?parent=151278"}],"wp:term":[{"taxonomy":"category","embeddable":true,"href":"https:\/\/www.caririemacao.com\/1\/wp-json\/wp\/v2\/categories?post=151278"},{"taxonomy":"post_tag","embeddable":true,"href":"https:\/\/www.caririemacao.com\/1\/wp-json\/wp\/v2\/tags?post=151278"}],"curies":[{"name":"wp","href":"https:\/\/api.w.org\/{rel}","templated":true}]}}